{"id":175692,"date":"2026-04-29T14:09:14","date_gmt":"2026-04-29T12:09:14","guid":{"rendered":"https:\/\/up.lublin.pl\/wip\/?p=175692"},"modified":"2026-04-29T14:11:30","modified_gmt":"2026-04-29T12:11:30","slug":"zapisy-na-egzamin-telc-4","status":"publish","type":"post","link":"https:\/\/up.lublin.pl\/wip\/zapisy-na-egzamin-telc-4\/","title":{"rendered":"Zapisy na egzamin TELC"},"content":{"rendered":"\t\t<div data-elementor-type=\"wp-post\" data-elementor-id=\"175692\" class=\"elementor elementor-175692\" data-elementor-settings=\"[]\">\n\t\t\t\t\t\t<div class=\"elementor-inner\">\n\t\t\t\t\t\t\t<div class=\"elementor-section-wrap\">\n\t\t\t\t\t\t\t<section class=\"elementor-section elementor-top-section elementor-element elementor-element-30d8e66 elementor-section-boxed elementor-section-height-default elementor-section-height-default\" data-id=\"30d8e66\" data-element_type=\"section\">\n\t\t\t\t\t\t<div class=\"elementor-container elementor-column-gap-default\">\n\t\t\t\t\t\t\t<div class=\"elementor-row\">\n\t\t\t\t\t<div class=\"elementor-column elementor-col-100 elementor-top-column elementor-element elementor-element-ff7f49f\" data-id=\"ff7f49f\" data-element_type=\"column\">\n\t\t\t<div class=\"elementor-column-wrap elementor-element-populated\">\n\t\t\t\t\t\t\t<div class=\"elementor-widget-wrap\">\n\t\t\t\t\t\t<div class=\"elementor-element elementor-element-f376d1b elementor-widget elementor-widget-m5c\" data-id=\"f376d1b\" data-element_type=\"widget\" data-widget_type=\"m5c.default\">\n\t\t\t\t<div class=\"elementor-widget-container\">\n\t\t\t<section class=\"mn-m5-c mn-m5-d2 mn-bg-white\">\n\t<div class=\"mn-grid\">\n\t\t\t\t<div class=\"mn-content mn-grid-9\">\n\t\t\t                <div class=\"mn-content-block active\">\n\t                                                        <div class=\"block-text\">\n\t                                        <h2 class=\"single-title\">Zapisy na egzamin TELC<\/h2>\n<p>\u00a0<\/p>\n<div class=\"single-content\">\n<p><a href=\"https:\/\/up.lublin.pl\/blog\/zapisy-na-egzamin-telc-7\/logo-1-8\/\" rel=\"attachment wp-att-541542\"><img loading=\"lazy\" class=\"wp-image-541542 alignleft\" src=\"https:\/\/up.lublin.pl\/wp-content\/uploads\/2026\/04\/Logo-1.png\" alt=\"\" width=\"311\" height=\"130\" \/><\/a><img loading=\"lazy\" class=\"size-full wp-image-541538 alignright\" src=\"https:\/\/up.lublin.pl\/wp-content\/uploads\/2026\/04\/Logo-2.png\" alt=\"\" width=\"180\" height=\"103\" \/><\/p>\n<p>\u00a0<\/p>\n<p>\u00a0<\/p>\n<p>\u00a0<\/p>\n<p>\u00a0<\/p>\n<p>\u00a0<\/p>\n<p><strong>POLSKI + ANGIELSKI + NIEMIECKI<\/strong><\/p>\n<p><strong>Centrum Nauczania J\u0119zyk\u00f3w Obcych i\u00a0Certyfikacji UP w\u00a0Lublinie<\/strong><\/p>\n<p>og\u0142asza<\/p>\n<p>\u00a0<\/p>\n<h3><strong>ZAPISY NA EGZAMIN TELC<\/strong><br \/>Zapisy trwaj\u0105 do\u00a0<strong>26.05.2026<\/strong>\u00a0<strong>r.<\/strong><\/h3>\n<p>Aby wzi\u0105\u0107 udzia\u0142 w\u00a0egzaminie nale\u017cy:<\/p>\n<p><strong>1)<\/strong>\u00a0<strong>Dokona\u0107 wp\u0142aty<\/strong>\u00a0na konto UP w\u00a0Lublinie<br \/>Bank Pekao S.A. 55 1240 5497 1111 0000 5011 6807<br \/>Z DOPISKIEM: EGZAMIN TELC + j\u0119zyk i\u00a0poziom (np. EGZAMIN TELC ANGLIESKI B2)<\/p>\n<p>w wysoko\u015bci:<\/p>\n<ul>\n<li>POZIOM B1 \u2013 730 PLN*<\/li>\n<li>POZIOM B2 \u2013 730 PLN*<\/li>\n<li>POZIOM C1 \u2013 780 PLN*<\/li>\n<li>POZIOM C2 \u2013 830 PLN*<\/li>\n<li>POLISH DUAL B1-B2 \u2013 700 PLN*<\/li>\n<\/ul>\n<p>*Podana cena jest obowi\u0105zuj\u0105ca dla minimum 8 os\u00f3b.<\/p>\n<p>Do ceny egzaminu, w\u00a0kt\u00f3rym bierze udzia\u0142 4-7 kandydat\u00f3w doliczana jest op\u0142ata w\u00a0wysoko\u015bci 90 z\u0142 od osoby. Do ceny egzaminu, w\u00a0kt\u00f3rym bierze udzia\u0142 poni\u017cej 4 kandydat\u00f3w doliczana jest op\u0142ata w\u00a0wysoko\u015bci 200 z\u0142 od osoby.<\/p>\n<p><strong>2) Dokona\u0107 rejestracji<\/strong>\u00a0w\u00a0Sekretariacie Centrum Nauczania J\u0119zyk\u00f3w Obcych i\u00a0Certyfikacji, ul. G\u0142\u0119boka 28, pok\u00f3j 242, II pi\u0119tro,\u00a0<strong>dostarczaj\u0105c dow\u00f3d wp\u0142aty<\/strong>.<\/p>\n<p><strong>Mo\u017cliwa rejestracja poprzez e-mail.<\/strong><\/p>\n<p><strong>Podczas rejestracji mo\u017cna zg\u0142asza\u0107 r\u00f3wnie\u017c pary na egzamin ustny.<\/strong><\/p>\n<p><strong>Termin EGZAMINU pisemnego i\u00a0ustnego:<br \/><\/strong><strong>17 czerwca 2026 r., godzina 9.00<\/strong><\/p>\n<p><a href=\"https:\/\/up.lublin.pl\/blog\/zapisy-na-egzamin-telc-7\/zasady-przystepowania-do-egzaminow-telc-nowy_2025_2026-2\/\" rel=\"attachment wp-att-541534\">Zasady przyst\u0119powania do egzamin\u00f3w TELC 2026<\/a><\/p>\n<\/div>\n                                        <\/div>\n\t\t\t\t\t\t                                <\/div>\n\t\t\t\t                <div class=\"mn-content-block\">\n\t                                <\/div>\n\t\t\t\t                <div class=\"mn-content-block\">\n\t                                <\/div>\n\t\t\t\t                <div class=\"mn-content-block\">\n\t                                <\/div>\n\t\t\t\t                <div class=\"mn-content-block\">\n\t                                <\/div>\n\t\t\t\t                <div class=\"mn-content-block\">\n\t                                <\/div>\n\t\t\t\t                <div class=\"mn-content-block\">\n\t                                <\/div>\n\t\t\t\t                <div class=\"mn-content-block\">\n\t                                <\/div>\n\t\t\t\t                <div class=\"mn-content-block\">\n\t                                <\/div>\n\t\t\t\t                <div class=\"mn-content-block\">\n\t                                <\/div>\n\t\t\t\t                <div class=\"mn-content-block\">\n\t                                <\/div>\n\t\t\t\t                <div class=\"mn-content-block\">\n\t                                <\/div>\n\t\t\t\t                <div class=\"mn-content-block\">\n\t                                <\/div>\n\t\t\t\t                <div class=\"mn-content-block\">\n\t                                <\/div>\n\t\t\t\t                <div class=\"mn-content-block\">\n\t                                <\/div>\n\t\t\t\t                <div class=\"mn-content-block\">\n\t                                <\/div>\n\t\t\t\t                <div class=\"mn-content-block\">\n\t                                <\/div>\n\t\t\t\t                <div class=\"mn-content-block\">\n\t                                <\/div>\n\t\t\t\t                <div class=\"mn-content-block\">\n\t                                <\/div>\n\t\t\t\t                <div class=\"mn-content-block\">\n\t                                <\/div>\n\t\t\t\t\t\t<\/div>\n\t<\/div>\n<\/section>\n\t\t<\/div>\n\t\t\t\t<\/div>\n\t\t\t\t\t\t<\/div>\n\t\t\t\t\t<\/div>\n\t\t<\/div>\n\t\t\t\t\t\t\t\t<\/div>\n\t\t\t\t\t<\/div>\n\t\t<\/section>\n\t\t\t\t\t\t<\/div>\n\t\t\t\t\t\t<\/div>\n\t\t\t\t\t<\/div>\n\t\t","protected":false},"excerpt":{"rendered":"<p>Zapisy na egzamin TELC \u00a0 \u00a0 \u00a0 \u00a0 \u00a0 \u00a0 POLSKI + ANGIELSKI + NIEMIECKI Centrum Nauczania J\u0119zyk\u00f3w Obcych i\u00a0Certyfikacji UP w\u00a0Lublinie og\u0142asza \u00a0 ZAPISY NA EGZAMIN TELCZapisy trwaj\u0105 do\u00a026.05.2026\u00a0r. Aby wzi\u0105\u0107 udzia\u0142 w\u00a0egzaminie nale\u017cy: 1)\u00a0Dokona\u0107 wp\u0142aty\u00a0na konto UP w\u00a0LublinieBank Pekao S.A. 55 1240 5497 1111 0000 5011 6807Z DOPISKIEM: EGZAMIN TELC + j\u0119zyk i\u00a0poziom [&hellip;]<\/p>\n","protected":false},"author":228,"featured_media":175693,"comment_status":"closed","ping_status":"open","sticky":false,"template":"elementor_header_footer","format":"standard","meta":{"_monsterinsights_skip_tracking":false,"_monsterinsights_sitenote_active":false,"_monsterinsights_sitenote_note":"","_monsterinsights_sitenote_category":0},"categories":[9],"tags":[],"_links":{"self":[{"href":"https:\/\/up.lublin.pl\/wip\/wp-json\/wp\/v2\/posts\/175692"}],"collection":[{"href":"https:\/\/up.lublin.pl\/wip\/wp-json\/wp\/v2\/posts"}],"about":[{"href":"https:\/\/up.lublin.pl\/wip\/wp-json\/wp\/v2\/types\/post"}],"author":[{"embeddable":true,"href":"https:\/\/up.lublin.pl\/wip\/wp-json\/wp\/v2\/users\/228"}],"replies":[{"embeddable":true,"href":"https:\/\/up.lublin.pl\/wip\/wp-json\/wp\/v2\/comments?post=175692"}],"version-history":[{"count":4,"href":"https:\/\/up.lublin.pl\/wip\/wp-json\/wp\/v2\/posts\/175692\/revisions"}],"predecessor-version":[{"id":175700,"href":"https:\/\/up.lublin.pl\/wip\/wp-json\/wp\/v2\/posts\/175692\/revisions\/175700"}],"wp:featuredmedia":[{"embeddable":true,"href":"https:\/\/up.lublin.pl\/wip\/wp-json\/wp\/v2\/media\/175693"}],"wp:attachment":[{"href":"https:\/\/up.lublin.pl\/wip\/wp-json\/wp\/v2\/media?parent=175692"}],"wp:term":[{"taxonomy":"category","embeddable":true,"href":"https:\/\/up.lublin.pl\/wip\/wp-json\/wp\/v2\/categories?post=175692"},{"taxonomy":"post_tag","embeddable":true,"href":"https:\/\/up.lublin.pl\/wip\/wp-json\/wp\/v2\/tags?post=175692"}],"curies":[{"name":"wp","href":"https:\/\/api.w.org\/{rel}","templated":true}]}}