{"id":174524,"date":"2026-02-28T14:14:53","date_gmt":"2026-02-28T13:14:53","guid":{"rendered":"https:\/\/up.lublin.pl\/wip\/?p=174524"},"modified":"2026-02-28T14:14:53","modified_gmt":"2026-02-28T13:14:53","slug":"xxii-konferencja-naukowo-techniczna-bems-2026","status":"publish","type":"post","link":"https:\/\/up.lublin.pl\/wip\/xxii-konferencja-naukowo-techniczna-bems-2026\/","title":{"rendered":"XXII Konferencja Naukowo-Techniczna \u201eBEMS 2026\u201d"},"content":{"rendered":"<p>Polskie Towarzystwo In\u017cynierii i Techniki Przetw\u00f3rstwa Spo\u017cywczego \u201eSPOMASZ\u201d zaprasza do wzi\u0119cia udzia\u0142u w XXII Konferencji Naukowo-Technicznej BEMS 2026 \u201eBudowa i eksploatacja maszyn spo\u017cywczych\u201d<\/p>\n<p>&nbsp;<\/p>\n<p><img loading=\"lazy\" class=\"wp-image-174525 aligncenter\" src=\"https:\/\/up.lublin.pl\/wip\/wp-content\/uploads\/sites\/7\/2026\/02\/bems.jpg\" alt=\"\" width=\"750\" height=\"500\" \/><\/p>\n<p>&nbsp;<\/p>\n<p>Konferencja organizowana jest wsp\u00f3lnie z Katedr\u0105 In\u017cynierii i Maszyn Spo\u017cywczych, Katedr\u0105 Biologicznych Podstaw Technologii \u017bywno\u015bci i Pasz &#8211; Uniwersytet Przyrodniczy w Lublinie oraz Katedr\u0105 In\u017cynierii Rolno-Spo\u017cywczej i Kszta\u0142towania \u015arodowiska \u2013 Politechnika Bia\u0142ostocka.<\/p>\n<p>&nbsp;<\/p>\n<p>Wydarzenie odb\u0119dzie si\u0119 w dniach 15-18 wrze\u015bnia 2026 r. w malowniczej scenerii Zamku w Rydzynie &#8211; zabytkowego kompleksu pa\u0142acowo-parkowego po\u0142o\u017conego w sercu Wielkopolski.<\/p>\n<p>&nbsp;<\/p>\n<p><a href=\"http:\/\/www.ptit-spomasz.com.pl\/aktualnosci\/30\/bems-2026\/\">Link<\/a> do wydarzenia<\/p>\n<p><a href=\"http:\/\/www.ptit-spomasz.com.pl\/\">http:\/\/www.ptit-spomasz.com.pl\/<\/a><\/p>\n<p>&nbsp;<\/p>\n","protected":false},"excerpt":{"rendered":"<p>Polskie Towarzystwo In\u017cynierii i Techniki Przetw\u00f3rstwa Spo\u017cywczego \u201eSPOMASZ\u201d zaprasza do wzi\u0119cia udzia\u0142u w XXII Konferencji Naukowo-Technicznej BEMS 2026 \u201eBudowa i eksploatacja maszyn spo\u017cywczych\u201d &nbsp; &nbsp; Konferencja organizowana jest wsp\u00f3lnie z Katedr\u0105 In\u017cynierii i Maszyn Spo\u017cywczych, Katedr\u0105 Biologicznych Podstaw Technologii \u017bywno\u015bci i Pasz &#8211; Uniwersytet Przyrodniczy w Lublinie oraz Katedr\u0105 In\u017cynierii Rolno-Spo\u017cywczej i Kszta\u0142towania \u015arodowiska \u2013 [&hellip;]<\/p>\n","protected":false},"author":262,"featured_media":0,"comment_status":"closed","ping_status":"open","sticky":false,"template":"","format":"standard","meta":{"_monsterinsights_skip_tracking":false,"_monsterinsights_sitenote_active":false,"_monsterinsights_sitenote_note":"","_monsterinsights_sitenote_category":0},"categories":[9],"tags":[],"_links":{"self":[{"href":"https:\/\/up.lublin.pl\/wip\/wp-json\/wp\/v2\/posts\/174524"}],"collection":[{"href":"https:\/\/up.lublin.pl\/wip\/wp-json\/wp\/v2\/posts"}],"about":[{"href":"https:\/\/up.lublin.pl\/wip\/wp-json\/wp\/v2\/types\/post"}],"author":[{"embeddable":true,"href":"https:\/\/up.lublin.pl\/wip\/wp-json\/wp\/v2\/users\/262"}],"replies":[{"embeddable":true,"href":"https:\/\/up.lublin.pl\/wip\/wp-json\/wp\/v2\/comments?post=174524"}],"version-history":[{"count":1,"href":"https:\/\/up.lublin.pl\/wip\/wp-json\/wp\/v2\/posts\/174524\/revisions"}],"predecessor-version":[{"id":174529,"href":"https:\/\/up.lublin.pl\/wip\/wp-json\/wp\/v2\/posts\/174524\/revisions\/174529"}],"wp:attachment":[{"href":"https:\/\/up.lublin.pl\/wip\/wp-json\/wp\/v2\/media?parent=174524"}],"wp:term":[{"taxonomy":"category","embeddable":true,"href":"https:\/\/up.lublin.pl\/wip\/wp-json\/wp\/v2\/categories?post=174524"},{"taxonomy":"post_tag","embeddable":true,"href":"https:\/\/up.lublin.pl\/wip\/wp-json\/wp\/v2\/tags?post=174524"}],"curies":[{"name":"wp","href":"https:\/\/api.w.org\/{rel}","templated":true}]}}