{"id":172292,"date":"2025-10-14T08:25:01","date_gmt":"2025-10-14T06:25:01","guid":{"rendered":"https:\/\/up.lublin.pl\/wip\/?p=172292"},"modified":"2025-11-12T10:29:52","modified_gmt":"2025-11-12T09:29:52","slug":"zaproszenie-na-circle-international-conference-2026","status":"publish","type":"post","link":"https:\/\/up.lublin.pl\/wip\/zaproszenie-na-circle-international-conference-2026\/","title":{"rendered":"Zaproszenie na CIRCLE International Conference 2026"},"content":{"rendered":"<p class=\"mcntmcntmcntmcntMsoNormal\">Zapraszamy do udzia\u0142u w <b id=\"ext-gen1734\">22nd CIRCLE International Conference 2026: NextGen Business: Sustainability &amp; Digitalisation<\/b>, kt\u00f3ra odb\u0119dzie si\u0119 w dniach <b>8\u201311 kwietnia 2026 r.<\/b>\u00a0w <b>Uczelni Jana Wy\u017cykowskiego w Polkowicach<\/b>.<\/p>\n<p>&nbsp;<\/p>\n<p class=\"mcntmcntmcntmcntMsoNormal\">Konferencja CIRCLE International jest jednym z najbardziej uznanych wydarze\u0144 naukowych w Europie, skupiaj\u0105cych badaczy, praktyk\u00f3w i przedstawicieli biznesu zainteresowanych problematyk\u0105 przedsi\u0119biorczo\u015bci, innowacji, marketingu, cyfryzacji oraz zr\u00f3wnowa\u017conego rozwoju. Tegoroczna edycja b\u0119dzie szczeg\u00f3ln\u0105 okazj\u0105 do wymiany do\u015bwiadcze\u0144 oraz dyskusji nad wyzwaniami i szansami stoj\u0105cymi przed gospodark\u0105 nowej generacji.<\/p>\n<p>&nbsp;<\/p>\n<div>\n<p class=\"mcntmcntmcntmcntMsoNormal\">W zwi\u0105zku z tym, \u017ce gospodarzem wydarzenia jest <b>Uczelnia Jana Wy\u017cykowskiego<\/b>, zlokalizowana w sercu <b>Legnicko-G\u0142ogowskiego Zag\u0142\u0119bia Miedziowego<\/b>, zakres tematyczny konferencji zosta\u0142 w tym roku poszerzony\u00a0o zagadnienia zwi\u0105zane z <b>g\u00f3rnictwem<\/b>, <b>metalurgi\u0105 miedzi<\/b>, <b>technologiami geoprzestrzennymi<\/b>\u00a0oraz <b>zr\u00f3wnowa\u017conym rozwojem przemys\u0142u<\/b>.<\/p>\n<p><img loading=\"lazy\" class=\"wp-image-172297 aligncenter\" src=\"https:\/\/up.lublin.pl\/wip\/wp-content\/uploads\/sites\/7\/2025\/10\/22nd-Circle-international-Annual-conferernce-new-brochure1_pages-to-jpg-0001.jpg\" alt=\"\" width=\"500\" height=\"707\" \/><\/p>\n<\/div>\n<p class=\"mcntmcntmcntmcntMsoNormal\">Szczeg\u00f3\u0142owe informacje o konferencji:<\/p>\n<p class=\"mcntmcntmcntmcntMsoNormal\"><u><a title=\"https:\/\/www.circleinternational.co.uk\/22nd-annual-conference\/\" href=\"https:\/\/www.circleinternational.co.uk\/22nd-annual-conference\/\" target=\"_blank\" rel=\"noopener\">https:\/\/www.circleinternational.co.uk\/22nd-annual-conference\/<\/a><\/u><\/p>\n<p><a href=\"https:\/\/up.lublin.pl\/wip\/wp-content\/uploads\/sites\/7\/2025\/10\/22nd-Circle-international-Annual-conferernce-new-brochure.pdf\">Broszura informacyjna<\/a><\/p>\n","protected":false},"excerpt":{"rendered":"<p>Zapraszamy do udzia\u0142u w 22nd CIRCLE International Conference 2026: NextGen Business: Sustainability &amp; Digitalisation, kt\u00f3ra odb\u0119dzie si\u0119 w dniach 8\u201311 kwietnia 2026 r.\u00a0w Uczelni Jana Wy\u017cykowskiego w Polkowicach. &nbsp; Konferencja CIRCLE International jest jednym z najbardziej uznanych wydarze\u0144 naukowych w Europie, skupiaj\u0105cych badaczy, praktyk\u00f3w i przedstawicieli biznesu zainteresowanych problematyk\u0105 przedsi\u0119biorczo\u015bci, innowacji, marketingu, cyfryzacji oraz zr\u00f3wnowa\u017conego [&hellip;]<\/p>\n","protected":false},"author":262,"featured_media":172297,"comment_status":"closed","ping_status":"open","sticky":false,"template":"","format":"standard","meta":{"_monsterinsights_skip_tracking":false,"_monsterinsights_sitenote_active":false,"_monsterinsights_sitenote_note":"","_monsterinsights_sitenote_category":0},"categories":[9],"tags":[],"_links":{"self":[{"href":"https:\/\/up.lublin.pl\/wip\/wp-json\/wp\/v2\/posts\/172292"}],"collection":[{"href":"https:\/\/up.lublin.pl\/wip\/wp-json\/wp\/v2\/posts"}],"about":[{"href":"https:\/\/up.lublin.pl\/wip\/wp-json\/wp\/v2\/types\/post"}],"author":[{"embeddable":true,"href":"https:\/\/up.lublin.pl\/wip\/wp-json\/wp\/v2\/users\/262"}],"replies":[{"embeddable":true,"href":"https:\/\/up.lublin.pl\/wip\/wp-json\/wp\/v2\/comments?post=172292"}],"version-history":[{"count":1,"href":"https:\/\/up.lublin.pl\/wip\/wp-json\/wp\/v2\/posts\/172292\/revisions"}],"predecessor-version":[{"id":172301,"href":"https:\/\/up.lublin.pl\/wip\/wp-json\/wp\/v2\/posts\/172292\/revisions\/172301"}],"wp:featuredmedia":[{"embeddable":true,"href":"https:\/\/up.lublin.pl\/wip\/wp-json\/wp\/v2\/media\/172297"}],"wp:attachment":[{"href":"https:\/\/up.lublin.pl\/wip\/wp-json\/wp\/v2\/media?parent=172292"}],"wp:term":[{"taxonomy":"category","embeddable":true,"href":"https:\/\/up.lublin.pl\/wip\/wp-json\/wp\/v2\/categories?post=172292"},{"taxonomy":"post_tag","embeddable":true,"href":"https:\/\/up.lublin.pl\/wip\/wp-json\/wp\/v2\/tags?post=172292"}],"curies":[{"name":"wp","href":"https:\/\/api.w.org\/{rel}","templated":true}]}}