{"id":168611,"date":"2025-04-04T08:38:28","date_gmt":"2025-04-04T06:38:28","guid":{"rendered":"https:\/\/up.lublin.pl\/wip\/?p=168611"},"modified":"2025-05-27T13:28:55","modified_gmt":"2025-05-27T11:28:55","slug":"rekrutacja-koordynatorow-badania-exit-poll-platna-wspolpraca-mozliwosc-zaliczenia-praktyk","status":"publish","type":"post","link":"https:\/\/up.lublin.pl\/wip\/rekrutacja-koordynatorow-badania-exit-poll-platna-wspolpraca-mozliwosc-zaliczenia-praktyk\/","title":{"rendered":"Rekrutacja koordynator\u00f3w badania Exit Poll (p\u0142atna wsp\u00f3\u0142praca, mo\u017cliwo\u015b\u0107 zaliczenia praktyk)"},"content":{"rendered":"<p>Pracownia Rozwoju Miast w trakcie wiosennych wybor\u00f3w prezydenckich b\u0119dzie realizowa\u0107 badanie Exit Poll. W zwi\u0105zku z tym\u00a0szukamy koordynator\u00f3w w regionach w ramach 2-miesi\u0119cznej, p\u0142atnej wsp\u00f3\u0142pracy projektowej (dajemy dodatkowo mo\u017cliwo\u015b\u0107 zaliczenia praktyk studenckich).<\/p>\n<p>&nbsp;<\/p>\n<p><span id=\"ext-gen1592\">Udzia\u0142 w projekcie Exit Poll to wyj\u0105tkowa szansa na wej\u015bcie do \u015bwiata bada\u0144, zarz\u0105dzania projektami i zdobycie cennego do\u015bwiadczenia do CV. To tak\u017ce droga do mo\u017cliwo\u015bci sta\u0142ej wsp\u00f3\u0142pracy przy kolejnych terenowych projektach badawczych.\u00a0<strong>\u00a0Jest to propozycja pracy zdalnej<\/strong>, kt\u00f3r\u0105 studenci mog\u0105 \u0142atwo po\u0142\u0105czy\u0107 z zaj\u0119ciami, pracuj\u0105c w elastycznym wymiarze godzin.<\/span><\/p>\n<p><strong><em>Czym jest Exit Poll?<\/em><\/strong>\u00a0<em>Na podstawie wynik\u00f3w badania Exit Poll podaje si\u0119 pierwsze, przybli\u017cone wyniki wybor\u00f3w tu\u017c po zamkni\u0119ciu lokali wyborczych, na kilka lub kilkana\u015bcie godzin przed oficjalnymi wynikami podawanymi przez komisje wyborcze.\u00a0<\/em><\/p>\n<p>&nbsp;<\/p>\n<p><strong>Szczeg\u00f3\u0142y dotycz\u0105ce rekrutacji:<\/strong><\/p>\n<p><a href=\"https:\/\/www.olx.pl\/oferta\/praca\/koordynator-regionalny-praca-zdalna-idealna-dla-studenta-CID4-ID15eyfN.html?reason=seller_profile\">https:\/\/www.olx.pl\/oferta\/praca\/koordynator-regionalny-praca-zdalna-idealna-dla-studenta-CID4-ID15eyfN.html?reason=seller_profile<\/a><\/p>\n<p><img loading=\"lazy\" class=\"wp-image-168612 aligncenter\" src=\"https:\/\/up.lublin.pl\/wip\/wp-content\/uploads\/sites\/7\/2025\/04\/koordynator_regionalny.png\" alt=\"\" width=\"560\" height=\"434\" \/><\/p>\n<p><span id=\"ext-gen1593\">Opr\u00f3cz koordynator\u00f3w,\u00a0 rekrutowani b\u0119d\u0105 tak\u017ce ankieterzy na dzie\u0144 wybor\u00f3w &#8211; 18 maja. <\/span><\/p>\n<p><span id=\"ext-gen1593\">Zach\u0119camy do aplikowania.<\/span><\/p>\n","protected":false},"excerpt":{"rendered":"<p>Pracownia Rozwoju Miast w trakcie wiosennych wybor\u00f3w prezydenckich b\u0119dzie realizowa\u0107 badanie Exit Poll. W zwi\u0105zku z tym\u00a0szukamy koordynator\u00f3w w regionach w ramach 2-miesi\u0119cznej, p\u0142atnej wsp\u00f3\u0142pracy projektowej (dajemy dodatkowo mo\u017cliwo\u015b\u0107 zaliczenia praktyk studenckich). &nbsp; Udzia\u0142 w projekcie Exit Poll to wyj\u0105tkowa szansa na wej\u015bcie do \u015bwiata bada\u0144, zarz\u0105dzania projektami i zdobycie cennego do\u015bwiadczenia do CV. To [&hellip;]<\/p>\n","protected":false},"author":262,"featured_media":168612,"comment_status":"closed","ping_status":"open","sticky":false,"template":"","format":"standard","meta":{"_monsterinsights_skip_tracking":false,"_monsterinsights_sitenote_active":false,"_monsterinsights_sitenote_note":"","_monsterinsights_sitenote_category":0},"categories":[9],"tags":[],"_links":{"self":[{"href":"https:\/\/up.lublin.pl\/wip\/wp-json\/wp\/v2\/posts\/168611"}],"collection":[{"href":"https:\/\/up.lublin.pl\/wip\/wp-json\/wp\/v2\/posts"}],"about":[{"href":"https:\/\/up.lublin.pl\/wip\/wp-json\/wp\/v2\/types\/post"}],"author":[{"embeddable":true,"href":"https:\/\/up.lublin.pl\/wip\/wp-json\/wp\/v2\/users\/262"}],"replies":[{"embeddable":true,"href":"https:\/\/up.lublin.pl\/wip\/wp-json\/wp\/v2\/comments?post=168611"}],"version-history":[{"count":1,"href":"https:\/\/up.lublin.pl\/wip\/wp-json\/wp\/v2\/posts\/168611\/revisions"}],"predecessor-version":[{"id":168616,"href":"https:\/\/up.lublin.pl\/wip\/wp-json\/wp\/v2\/posts\/168611\/revisions\/168616"}],"wp:featuredmedia":[{"embeddable":true,"href":"https:\/\/up.lublin.pl\/wip\/wp-json\/wp\/v2\/media\/168612"}],"wp:attachment":[{"href":"https:\/\/up.lublin.pl\/wip\/wp-json\/wp\/v2\/media?parent=168611"}],"wp:term":[{"taxonomy":"category","embeddable":true,"href":"https:\/\/up.lublin.pl\/wip\/wp-json\/wp\/v2\/categories?post=168611"},{"taxonomy":"post_tag","embeddable":true,"href":"https:\/\/up.lublin.pl\/wip\/wp-json\/wp\/v2\/tags?post=168611"}],"curies":[{"name":"wp","href":"https:\/\/api.w.org\/{rel}","templated":true}]}}