{"id":152228,"date":"2023-01-25T09:55:55","date_gmt":"2023-01-25T08:55:55","guid":{"rendered":"https:\/\/up.lublin.pl\/wip\/?p=152228"},"modified":"2023-01-25T09:55:55","modified_gmt":"2023-01-25T08:55:55","slug":"undergraduate-engineering-summer-school-flow-2023","status":"publish","type":"post","link":"https:\/\/up.lublin.pl\/wip\/undergraduate-engineering-summer-school-flow-2023\/","title":{"rendered":"Undergraduate Engineering Summer School FLOW 2023"},"content":{"rendered":"<p>Zapraszamy student\u00f3w studi\u00f3w in\u017cynierskich do aplikowania na letni\u0105 szko\u0142\u0119 <strong>Undergraduate Engineering Summer School FLOW 2023, <\/strong>kt\u00f3ra organizowana jest w dniach 22 maja &#8211; 16 czerwca 2023 roku we Francji.<\/p>\n<p>&nbsp;<\/p>\n<p><span class=\"HwtZe\" lang=\"pl\"><span class=\"jCAhz ChMk0b\"><span class=\"ryNqvb\">4-tygodniowy kurs po\u015bwi\u0119cony jest badaniu wielkich wyzwa\u0144 przemys\u0142owych we Francji w trzech g\u0142\u00f3wnych obszarach naukowych: \u017cywno\u015b\u0107, wino i woda (Track FEAT), zr\u00f3wnowa\u017cona energia i materia\u0142y (Track SEM) lub przetwarzanie danych i informacji (Track DIP).<\/span><\/span><\/span><\/p>\n<p>&nbsp;<\/p>\n<p><span class=\"HwtZe\" lang=\"pl\"><span class=\"jCAhz ChMk0b\"><span class=\"ryNqvb\">Program kursu oferuje oko\u0142o 64 godzin wyk\u0142ad\u00f3w naukowych i projekt\u00f3w zwi\u0105zanych z wybranymi zadaniami in\u017cynierskimi w dziedzinie nauk o \u017cywno\u015bci, winie i wodzie, zr\u00f3wnowa\u017conej energii i materia\u0142ach lub przetwarzaniu danych i informacji.<\/span><\/span> <span class=\"jCAhz ChMk0b\"><span class=\"ryNqvb\">R\u00f3wnolegle z kursami naukowymi program oferuje prezentacj\u0119 Francji i zwiedzanie charakterystycznych miejsc Oksytanii.<\/span><\/span> <span class=\"jCAhz ChMk0b\"><span class=\"ryNqvb\">W ma\u0142ych grupach roboczych uczestnicy mog\u0105 nauczy\u0107 si\u0119 podstaw francuskiego s\u0142ownictwa (gastronomia i kultura).<\/span><\/span>\u00a0<\/span><\/p>\n<p>&nbsp;<\/p>\n<p>Wi\u0119cej informacji mo\u017cna przeczyta\u0107 na <a href=\"https:\/\/www.polytech.umontpellier.fr\/english\/index.php\/education\/summer-school-flow\">stronie letniej szko\u0142y<\/a><\/p>\n<p>&nbsp;<\/p>\n<p><a href=\"https:\/\/up.lublin.pl\/wip\/wp-content\/uploads\/sites\/7\/2023\/01\/Flyer-Flow_2023-1.pdf\">Flyer Flow_2023<\/a><\/p>\n<p><img loading=\"lazy\" class=\"wp-image-152229 aligncenter\" src=\"https:\/\/up.lublin.pl\/wip\/wp-content\/uploads\/sites\/7\/2023\/01\/SBTlKClSAKUq7hps.png\" alt=\"\" width=\"682\" height=\"259\" \/><\/p>\n<p><img loading=\"lazy\" class=\" wp-image-152233 aligncenter\" src=\"https:\/\/up.lublin.pl\/wip\/wp-content\/uploads\/sites\/7\/2023\/01\/elK9PfzILIfEqPiY.png\" alt=\"\" width=\"679\" height=\"79\" \/><\/p>\n<p>&nbsp;<\/p>\n<p>&nbsp;<\/p>\n","protected":false},"excerpt":{"rendered":"<p>Zapraszamy student\u00f3w studi\u00f3w in\u017cynierskich do aplikowania na letni\u0105 szko\u0142\u0119 Undergraduate Engineering Summer School FLOW 2023, kt\u00f3ra organizowana jest w dniach 22 maja &#8211; 16 czerwca 2023 roku we Francji. &nbsp; 4-tygodniowy kurs po\u015bwi\u0119cony jest badaniu wielkich wyzwa\u0144 przemys\u0142owych we Francji w trzech g\u0142\u00f3wnych obszarach naukowych: \u017cywno\u015b\u0107, wino i woda (Track FEAT), zr\u00f3wnowa\u017cona energia i materia\u0142y [&hellip;]<\/p>\n","protected":false},"author":262,"featured_media":0,"comment_status":"closed","ping_status":"open","sticky":false,"template":"","format":"standard","meta":{"_monsterinsights_skip_tracking":false,"_monsterinsights_sitenote_active":false,"_monsterinsights_sitenote_note":"","_monsterinsights_sitenote_category":0},"categories":[9],"tags":[],"_links":{"self":[{"href":"https:\/\/up.lublin.pl\/wip\/wp-json\/wp\/v2\/posts\/152228"}],"collection":[{"href":"https:\/\/up.lublin.pl\/wip\/wp-json\/wp\/v2\/posts"}],"about":[{"href":"https:\/\/up.lublin.pl\/wip\/wp-json\/wp\/v2\/types\/post"}],"author":[{"embeddable":true,"href":"https:\/\/up.lublin.pl\/wip\/wp-json\/wp\/v2\/users\/262"}],"replies":[{"embeddable":true,"href":"https:\/\/up.lublin.pl\/wip\/wp-json\/wp\/v2\/comments?post=152228"}],"version-history":[{"count":1,"href":"https:\/\/up.lublin.pl\/wip\/wp-json\/wp\/v2\/posts\/152228\/revisions"}],"predecessor-version":[{"id":152241,"href":"https:\/\/up.lublin.pl\/wip\/wp-json\/wp\/v2\/posts\/152228\/revisions\/152241"}],"wp:attachment":[{"href":"https:\/\/up.lublin.pl\/wip\/wp-json\/wp\/v2\/media?parent=152228"}],"wp:term":[{"taxonomy":"category","embeddable":true,"href":"https:\/\/up.lublin.pl\/wip\/wp-json\/wp\/v2\/categories?post=152228"},{"taxonomy":"post_tag","embeddable":true,"href":"https:\/\/up.lublin.pl\/wip\/wp-json\/wp\/v2\/tags?post=152228"}],"curies":[{"name":"wp","href":"https:\/\/api.w.org\/{rel}","templated":true}]}}