{"id":152185,"date":"2023-01-20T07:52:30","date_gmt":"2023-01-20T06:52:30","guid":{"rendered":"https:\/\/up.lublin.pl\/wip\/?p=152185"},"modified":"2023-01-20T07:55:03","modified_gmt":"2023-01-20T06:55:03","slug":"44-studencka-konferencja-naukowa","status":"publish","type":"post","link":"https:\/\/up.lublin.pl\/wip\/44-studencka-konferencja-naukowa\/","title":{"rendered":"44. Studencka Konferencja Naukowa"},"content":{"rendered":"<p><span style=\"font-family: Roboto, Helvetica, Arial, sans-serif\"><strong><em>Szanowni Pa\u0144stwo<\/em><\/strong>,<\/span><\/p>\n<p>&nbsp;<\/p>\n<p><span style=\"font-family: Roboto, Helvetica, Arial, sans-serif\">w imieniu organizator\u00f3w mamy zaszczyt zaprosi\u0107 wszystkich\u00a0zainteresowanych student\u00f3w i doktorant\u00f3w do uczestnictwa w\u00a0<strong>XLIV Studenckiej Konferencji Naukowej\u00a0<\/strong><strong>pt<\/strong><strong>. \u201ePotencja\u0142 innowacyjny w in\u017cynierii materia\u0142owej i zarz\u0105dzaniu produkcj\u0105\u201d.<\/strong><\/span><\/p>\n<p>&nbsp;<\/p>\n<p><span style=\"font-family: Roboto, Helvetica, Arial, sans-serif\">Termin konferencji:\u00a0<strong>25.05.2023 roku.<\/strong><\/span><\/p>\n<p><span style=\"font-family: Roboto, Helvetica, Arial, sans-serif\">Miejsce konferencji:\u00a0<strong>Wydzia\u0142 In\u017cynierii Produkcji i Technologii Materia\u0142\u00f3w Politechniki\u00a0<\/strong><strong>Cz<\/strong><strong>\u0119stochowskiej, Al. Armii Krajowej 19, 42-220<\/strong><strong>\u00a0Cz\u0119stochowa.<\/strong><\/span><\/p>\n<p><span style=\"font-family: Roboto, Helvetica, Arial, sans-serif\">\u00a0<\/span><\/p>\n<p><span style=\"font-family: Roboto, Helvetica, Arial, sans-serif\">Szczeg\u00f3\u0142owe informacje na temat konferencji dost\u0119pne s\u0105 na stronie internetowej: <a class=\"mcntmoz-txt-link-freetext\" href=\"https:\/\/wip.pcz.pl\/wydzial\/konferencje\/xliv-studencka-konferencja-naukowa\" target=\"_blank\" rel=\"noopener\">https:\/\/wip.pcz.pl\/wydzial\/konferencje\/xliv-studencka-konferencja-naukowa<\/a>\u00a0<\/span><\/p>\n<p><span id=\"ext-gen1940\" style=\"font-family: Roboto, Helvetica, Arial, sans-serif\">Wszelkie pytania dotycz\u0105ce konferencji prosimy kierowa\u0107 na adres: <a class=\"mailto moz-txt-link-freetext\" title=\"Wy\u015blij e-mail do skn@pcz.pl\" href=\"mailto:skn@pcz.pl\" target=\"_blank\" rel=\"noopener\">skn@pcz.pl<\/a><\/span><\/p>\n<p>&nbsp;<\/p>\n<p><span style=\"font-family: Roboto, Helvetica, Arial, sans-serif\">Zapraszamy do czynnego uczestnictwa w konferencji.<br \/>\n<\/span><\/p>\n<p>&nbsp;<\/p>\n<p><span style=\"font-family: Roboto, Helvetica, Arial, sans-serif\">Z wyrazami szacunku,<\/span><\/p>\n<p><span style=\"font-family: Roboto, Helvetica, Arial, sans-serif\">Komitet Organizacyjny<br \/>\nXLIV Studenckiej Konferencji Naukowej<br \/>\nWydzia\u0142 In\u017cynierii Produkcji i Technologii Materia\u0142\u00f3w<br \/>\nPolitechnika\u00a0Cz\u0119stochowska <\/span><\/p>\n<p>&nbsp;<\/p>\n<p><a href=\"https:\/\/up.lublin.pl\/wip\/wp-content\/uploads\/sites\/7\/2023\/01\/Ulotka-2023-.pdf\">Ulotka 2023<\/a><\/p>\n<p>&nbsp;<\/p>\n<p><img loading=\"lazy\" class=\"alignnone wp-image-152186\" src=\"https:\/\/up.lublin.pl\/wip\/wp-content\/uploads\/sites\/7\/2023\/01\/konf-studencka.png\" alt=\"\" width=\"785\" height=\"103\" \/><\/p>\n","protected":false},"excerpt":{"rendered":"<p>Szanowni Pa\u0144stwo, &nbsp; w imieniu organizator\u00f3w mamy zaszczyt zaprosi\u0107 wszystkich\u00a0zainteresowanych student\u00f3w i doktorant\u00f3w do uczestnictwa w\u00a0XLIV Studenckiej Konferencji Naukowej\u00a0pt. \u201ePotencja\u0142 innowacyjny w in\u017cynierii materia\u0142owej i zarz\u0105dzaniu produkcj\u0105\u201d. &nbsp; Termin konferencji:\u00a025.05.2023 roku. Miejsce konferencji:\u00a0Wydzia\u0142 In\u017cynierii Produkcji i Technologii Materia\u0142\u00f3w Politechniki\u00a0Cz\u0119stochowskiej, Al. Armii Krajowej 19, 42-220\u00a0Cz\u0119stochowa. \u00a0 Szczeg\u00f3\u0142owe informacje na temat konferencji dost\u0119pne s\u0105 na stronie internetowej: [&hellip;]<\/p>\n","protected":false},"author":262,"featured_media":0,"comment_status":"closed","ping_status":"open","sticky":false,"template":"","format":"standard","meta":{"_monsterinsights_skip_tracking":false,"_monsterinsights_sitenote_active":false,"_monsterinsights_sitenote_note":"","_monsterinsights_sitenote_category":0},"categories":[9],"tags":[],"_links":{"self":[{"href":"https:\/\/up.lublin.pl\/wip\/wp-json\/wp\/v2\/posts\/152185"}],"collection":[{"href":"https:\/\/up.lublin.pl\/wip\/wp-json\/wp\/v2\/posts"}],"about":[{"href":"https:\/\/up.lublin.pl\/wip\/wp-json\/wp\/v2\/types\/post"}],"author":[{"embeddable":true,"href":"https:\/\/up.lublin.pl\/wip\/wp-json\/wp\/v2\/users\/262"}],"replies":[{"embeddable":true,"href":"https:\/\/up.lublin.pl\/wip\/wp-json\/wp\/v2\/comments?post=152185"}],"version-history":[{"count":4,"href":"https:\/\/up.lublin.pl\/wip\/wp-json\/wp\/v2\/posts\/152185\/revisions"}],"predecessor-version":[{"id":152197,"href":"https:\/\/up.lublin.pl\/wip\/wp-json\/wp\/v2\/posts\/152185\/revisions\/152197"}],"wp:attachment":[{"href":"https:\/\/up.lublin.pl\/wip\/wp-json\/wp\/v2\/media?parent=152185"}],"wp:term":[{"taxonomy":"category","embeddable":true,"href":"https:\/\/up.lublin.pl\/wip\/wp-json\/wp\/v2\/categories?post=152185"},{"taxonomy":"post_tag","embeddable":true,"href":"https:\/\/up.lublin.pl\/wip\/wp-json\/wp\/v2\/tags?post=152185"}],"curies":[{"name":"wp","href":"https:\/\/api.w.org\/{rel}","templated":true}]}}