{"id":151976,"date":"2023-01-03T21:14:21","date_gmt":"2023-01-03T20:14:21","guid":{"rendered":"https:\/\/up.lublin.pl\/wip\/?p=151976"},"modified":"2023-06-02T14:33:43","modified_gmt":"2023-06-02T12:33:43","slug":"zawiadomienie-o-publicznej-obronie-rozprawy-doktorskiej-119","status":"publish","type":"post","link":"https:\/\/up.lublin.pl\/wip\/zawiadomienie-o-publicznej-obronie-rozprawy-doktorskiej-119\/","title":{"rendered":"Zawiadomienie o publicznej obronie rozprawy doktorskiej"},"content":{"rendered":"<p style=\"text-align: center;\"><strong>Dziekan i Rada Dyscypliny In\u017cynierii Mechanicznej Politechniki Gda\u0144skiej<\/strong><\/p>\n<p style=\"text-align: center;\">zawiadamiaj\u0105 o publicznej dyskusji nad rozpraw\u0105 doktorsk\u0105<\/p>\n<p>&nbsp;<\/p>\n<p style=\"text-align: center;\"><strong>mgr. in\u017c. Mateusza Jurkowskiego<\/strong><\/p>\n<p style=\"text-align: center;\">pod tytu\u0142em<strong> &#8220;Ocena korelacji pomi\u0119dzy stanem mikrostruktury i w\u0142a\u015bciwo\u015bciami mechanicznymi, a przyrostem \u015brednicy rur katalitycznych pracuj\u0105cych w warunkach pe\u0142zania&#8221;<\/strong><\/p>\n<p>&nbsp;<\/p>\n<p style=\"text-align: center;\">Obrona odb\u0119dzie si\u0119 dnia <strong>20 stycznia 2023 r. o godz. 10.00<\/strong> w sali 303 Wydzia\u0142u In\u017cynierii Mechanicznej i Okr\u0119townictwa Politechniki Gda\u0144skiej (budynek nr. 40).<\/p>\n<p>&nbsp;<\/p>\n<p><a href=\"https:\/\/up.lublin.pl\/wip\/wp-content\/uploads\/sites\/7\/2023\/01\/Zawiadomienie-o-obronie-doktoratu.pdf\">Zawiadomienie o obronie doktoratu<\/a><\/p>\n","protected":false},"excerpt":{"rendered":"<p>Dziekan i Rada Dyscypliny In\u017cynierii Mechanicznej Politechniki Gda\u0144skiej zawiadamiaj\u0105 o publicznej dyskusji nad rozpraw\u0105 doktorsk\u0105 &nbsp; mgr. in\u017c. Mateusza Jurkowskiego pod tytu\u0142em &#8220;Ocena korelacji pomi\u0119dzy stanem mikrostruktury i w\u0142a\u015bciwo\u015bciami mechanicznymi, a przyrostem \u015brednicy rur katalitycznych pracuj\u0105cych w warunkach pe\u0142zania&#8221; &nbsp; Obrona odb\u0119dzie si\u0119 dnia 20 stycznia 2023 r. o godz. 10.00 w sali 303 Wydzia\u0142u [&hellip;]<\/p>\n","protected":false},"author":262,"featured_media":0,"comment_status":"closed","ping_status":"open","sticky":false,"template":"","format":"standard","meta":{"_monsterinsights_skip_tracking":false,"_monsterinsights_sitenote_active":false,"_monsterinsights_sitenote_note":"","_monsterinsights_sitenote_category":0},"categories":[294],"tags":[],"_links":{"self":[{"href":"https:\/\/up.lublin.pl\/wip\/wp-json\/wp\/v2\/posts\/151976"}],"collection":[{"href":"https:\/\/up.lublin.pl\/wip\/wp-json\/wp\/v2\/posts"}],"about":[{"href":"https:\/\/up.lublin.pl\/wip\/wp-json\/wp\/v2\/types\/post"}],"author":[{"embeddable":true,"href":"https:\/\/up.lublin.pl\/wip\/wp-json\/wp\/v2\/users\/262"}],"replies":[{"embeddable":true,"href":"https:\/\/up.lublin.pl\/wip\/wp-json\/wp\/v2\/comments?post=151976"}],"version-history":[{"count":2,"href":"https:\/\/up.lublin.pl\/wip\/wp-json\/wp\/v2\/posts\/151976\/revisions"}],"predecessor-version":[{"id":154053,"href":"https:\/\/up.lublin.pl\/wip\/wp-json\/wp\/v2\/posts\/151976\/revisions\/154053"}],"wp:attachment":[{"href":"https:\/\/up.lublin.pl\/wip\/wp-json\/wp\/v2\/media?parent=151976"}],"wp:term":[{"taxonomy":"category","embeddable":true,"href":"https:\/\/up.lublin.pl\/wip\/wp-json\/wp\/v2\/categories?post=151976"},{"taxonomy":"post_tag","embeddable":true,"href":"https:\/\/up.lublin.pl\/wip\/wp-json\/wp\/v2\/tags?post=151976"}],"curies":[{"name":"wp","href":"https:\/\/api.w.org\/{rel}","templated":true}]}}