{"id":120314,"date":"2013-12-18T11:15:47","date_gmt":"2013-12-18T10:15:47","guid":{"rendered":"https:\/\/up.lublin.pl\/blog\/4819\/"},"modified":"2022-10-26T13:27:02","modified_gmt":"2022-10-26T11:27:02","slug":"48192","status":"publish","type":"post","link":"https:\/\/up.lublin.pl\/wip\/48192\/","title":{"rendered":"VI Mi\u0119dzynarodowe Sympozjum Naukowe &#8220;Zarz\u0105dzanie technik\u0105 i procesami w rolnictwie zr\u00f3wnowa\u017conym&#8221;"},"content":{"rendered":"<p><a href=\"\/3444\/\"><strong>VI Mi\u0119dzynarodowe Sympozjum Naukowe &quot;Zarz\u0105dzanie technik\u0105 i procesami w rolnictwie zr&oacute;wnowa\u017conym&quot; i Jubileusz 70 urodzin prof. dr hab. Mieczys\u0142awa Szpryngiela  &raquo;<br \/>\n<\/strong><\/a><\/p>\n<p>&nbsp;<\/p>\n<p style=\"text-align: center\"><a href=\"\/3444\/\"><strong><img src=\"http:\/\/www.up.lublin.pl\/galerie\/2013\/szpryngiel\/thmb\/DSC_6951.JPG\" alt=\"\" \/><\/strong><\/a><\/p>\n<p style=\"text-align: center\">&nbsp;<a href=\"\/3444\/\"><strong>Galeria <\/strong>&raquo;<\/a><\/p>\n<p>&nbsp;<\/p>\n<p style=\"text-align: justify\"><font><span>W dniach 20-22  Listopada odby\u0142o si\u0119 VI Mi\u0119dzynarodowe Sympozjum Naukowe &bdquo;Zarz\u0105dzanie Technik\u0105 i  Procesami w Rolnictwie Zr&oacute;wnowa\u017conym&rdquo; (&bdquo;Farm machinery and process management in  sustainable agriculture&rdquo;) organizowane przez Katedr\u0119 Eksploatacji Maszyn i  Zarz\u0105dzania Procesami Produkcyjnymi, Wydzia\u0142u In\u017cynierii Produkcji UP w  Lublinie oraz Wallon Agricultural Research Centre, Gembloux-Belgia.<\/span><span> W ramach Sympozjum  obchodzono Jubileusz pracy Prof. dr hab. Mieczys\u0142awa Szpryngiela,  dotychczasowego Kierownika Katedry i wieloletniego Dziekana Wydzia\u0142u. Obrady  Sympozjum odbywa\u0142y si\u0119 w obiektach CIWNTiT w IR przy ul G\u0142\u0119bokiej 28 i  obejmowa\u0142y: Obchody Jubileuszowe Prof. dr hab. Mieczys\u0142awa Szpryngiela, 2 sesje  referatowe w obiekcie Centrum oraz 3 sesje referatowe w Augusta Westland &ndash;  &bdquo;PZL-\u015awidnik&rdquo; S.A., a tak\u017ce wyjazd  studyjno-szkoleniowy.<\/span><\/font><\/p>\n","protected":false},"excerpt":{"rendered":"<p>VI Mi\u0119dzynarodowe Sympozjum Naukowe &quot;Zarz\u0105dzanie technik\u0105 i procesami w rolnictwie zr&oacute;wnowa\u017conym&quot; i Jubileusz 70 urodzin prof. dr hab. Mieczys\u0142awa Szpryngiela &raquo; &nbsp; &nbsp;Galeria &raquo; &nbsp; W dniach 20-22 Listopada odby\u0142o si\u0119 VI Mi\u0119dzynarodowe Sympozjum Naukowe &bdquo;Zarz\u0105dzanie Technik\u0105 i Procesami w Rolnictwie Zr&oacute;wnowa\u017conym&rdquo; (&bdquo;Farm machinery and process management in sustainable agriculture&rdquo;) organizowane przez Katedr\u0119 Eksploatacji Maszyn [&hellip;]<\/p>\n","protected":false},"author":205,"featured_media":0,"comment_status":"closed","ping_status":"closed","sticky":false,"template":"","format":"standard","meta":{"_monsterinsights_skip_tracking":false,"_monsterinsights_sitenote_active":false,"_monsterinsights_sitenote_note":"","_monsterinsights_sitenote_category":0},"categories":[9],"tags":[],"_links":{"self":[{"href":"https:\/\/up.lublin.pl\/wip\/wp-json\/wp\/v2\/posts\/120314"}],"collection":[{"href":"https:\/\/up.lublin.pl\/wip\/wp-json\/wp\/v2\/posts"}],"about":[{"href":"https:\/\/up.lublin.pl\/wip\/wp-json\/wp\/v2\/types\/post"}],"author":[{"embeddable":true,"href":"https:\/\/up.lublin.pl\/wip\/wp-json\/wp\/v2\/users\/205"}],"replies":[{"embeddable":true,"href":"https:\/\/up.lublin.pl\/wip\/wp-json\/wp\/v2\/comments?post=120314"}],"version-history":[{"count":1,"href":"https:\/\/up.lublin.pl\/wip\/wp-json\/wp\/v2\/posts\/120314\/revisions"}],"predecessor-version":[{"id":123813,"href":"https:\/\/up.lublin.pl\/wip\/wp-json\/wp\/v2\/posts\/120314\/revisions\/123813"}],"wp:attachment":[{"href":"https:\/\/up.lublin.pl\/wip\/wp-json\/wp\/v2\/media?parent=120314"}],"wp:term":[{"taxonomy":"category","embeddable":true,"href":"https:\/\/up.lublin.pl\/wip\/wp-json\/wp\/v2\/categories?post=120314"},{"taxonomy":"post_tag","embeddable":true,"href":"https:\/\/up.lublin.pl\/wip\/wp-json\/wp\/v2\/tags?post=120314"}],"curies":[{"name":"wp","href":"https:\/\/api.w.org\/{rel}","templated":true}]}}