{"id":119957,"date":"2013-12-18T11:15:47","date_gmt":"2013-12-18T10:15:47","guid":{"rendered":"https:\/\/up.lublin.pl\/blog\/4404\/"},"modified":"2022-10-26T13:27:11","modified_gmt":"2022-10-26T11:27:11","slug":"44041","status":"publish","type":"post","link":"https:\/\/up.lublin.pl\/wip\/44041\/","title":{"rendered":"Komunikat &#8211; przeniesiony dziekanat WIP"},"content":{"rendered":"<p>&nbsp;<\/p>\n<p style=\"text-align: center\"><strong><img loading=\"lazy\" width=\"25\" height=\"25\" src=\"http:\/\/www.up.lublin.pl\/files\/images\/navig\/exclamation.png\" alt=\"\" \/> <\/strong><\/p>\n<p style=\"text-align: center\"><strong>&nbsp;DZIEKANAT PRZENIESIONY<\/strong><\/p>\n<p style=\"text-align: center\">&nbsp;<\/p>\n<p>Informujemy, \u017ce Dziekanat Wydzia\u0142u In\u017cynierii Produkcji zosta\u0142 przeniesiony z ul. Akademickiej 13 do nowego budynku Centrum Innowacyjno-Wdro\u017ceniowego Nowych Technologii w In\u017cynierii Rolniczej przy ul. G\u0142\u0119bokiej 28. Wszystkich interesant&oacute;w prosimy o kontakt z portierni\u0105 w tym budynku [ <a href=\"https:\/\/maps.google.com\/maps\/ms?msid=206321910155496611046.00044e311095a75de32ad&amp;msa=0\"><strong>mapka <\/strong><\/a>]<\/p>\n","protected":false},"excerpt":{"rendered":"<p>&nbsp; &nbsp;DZIEKANAT PRZENIESIONY &nbsp; Informujemy, \u017ce Dziekanat Wydzia\u0142u In\u017cynierii Produkcji zosta\u0142 przeniesiony z ul. Akademickiej 13 do nowego budynku Centrum Innowacyjno-Wdro\u017ceniowego Nowych Technologii w In\u017cynierii Rolniczej przy ul. G\u0142\u0119bokiej 28. Wszystkich interesant&oacute;w prosimy o kontakt z portierni\u0105 w tym budynku [ mapka ]<\/p>\n","protected":false},"author":205,"featured_media":0,"comment_status":"closed","ping_status":"closed","sticky":false,"template":"","format":"standard","meta":{"_monsterinsights_skip_tracking":false,"_monsterinsights_sitenote_active":false,"_monsterinsights_sitenote_note":"","_monsterinsights_sitenote_category":0},"categories":[9],"tags":[],"_links":{"self":[{"href":"https:\/\/up.lublin.pl\/wip\/wp-json\/wp\/v2\/posts\/119957"}],"collection":[{"href":"https:\/\/up.lublin.pl\/wip\/wp-json\/wp\/v2\/posts"}],"about":[{"href":"https:\/\/up.lublin.pl\/wip\/wp-json\/wp\/v2\/types\/post"}],"author":[{"embeddable":true,"href":"https:\/\/up.lublin.pl\/wip\/wp-json\/wp\/v2\/users\/205"}],"replies":[{"embeddable":true,"href":"https:\/\/up.lublin.pl\/wip\/wp-json\/wp\/v2\/comments?post=119957"}],"version-history":[{"count":1,"href":"https:\/\/up.lublin.pl\/wip\/wp-json\/wp\/v2\/posts\/119957\/revisions"}],"predecessor-version":[{"id":123810,"href":"https:\/\/up.lublin.pl\/wip\/wp-json\/wp\/v2\/posts\/119957\/revisions\/123810"}],"wp:attachment":[{"href":"https:\/\/up.lublin.pl\/wip\/wp-json\/wp\/v2\/media?parent=119957"}],"wp:term":[{"taxonomy":"category","embeddable":true,"href":"https:\/\/up.lublin.pl\/wip\/wp-json\/wp\/v2\/categories?post=119957"},{"taxonomy":"post_tag","embeddable":true,"href":"https:\/\/up.lublin.pl\/wip\/wp-json\/wp\/v2\/tags?post=119957"}],"curies":[{"name":"wp","href":"https:\/\/api.w.org\/{rel}","templated":true}]}}