{"id":166966,"date":"2026-04-24T11:02:54","date_gmt":"2026-04-24T09:02:54","guid":{"rendered":"https:\/\/up.lublin.pl\/weterynaria\/?p=166966"},"modified":"2026-04-24T11:02:54","modified_gmt":"2026-04-24T09:02:54","slug":"oferta-pracy-w-powiatowym-inspektoracie-weterynarii-w-rykach-2","status":"publish","type":"post","link":"https:\/\/up.lublin.pl\/weterynaria\/oferta-pracy-w-powiatowym-inspektoracie-weterynarii-w-rykach-2\/","title":{"rendered":"Oferta pracy w Powiatowym Inspektoracie Weterynarii w Rykach"},"content":{"rendered":"<p>Powiatowy Inspektorat Weterynarii w Rykach<br \/>\n08-500 Ryki ul. Aleja Spacerowa 2A<\/p>\n<p><img loading=\"lazy\" class=\"alignnone size-full wp-image-164985\" src=\"https:\/\/up.lublin.pl\/weterynaria\/wp-content\/uploads\/sites\/3\/2025\/03\/image001.png\" alt=\"\" width=\"360\" height=\"77\" \/><\/p>\n<p>Poszukuje pracownika na stanowisko:<\/p>\n<p>&nbsp;<\/p>\n<p><strong>Inspektor Weterynaryjny<\/strong><br \/>\nDo spraw: zdrowia i ochrony zwierz\u0105t w zespole do spraw zdrowia i ochrony zwierz\u0105t<\/p>\n<p><a href=\"https:\/\/up.lublin.pl\/weterynaria\/wp-content\/uploads\/sites\/3\/2026\/04\/inspektor-weterynaryjnyinspektorka-weterynaryjna163058.pdf\">Szczeg\u00f3\u0142y oferty<\/a><\/p>\n","protected":false},"excerpt":{"rendered":"<p>Powiatowy Inspektorat Weterynarii w Rykach 08-500 Ryki ul. Aleja Spacerowa 2A Poszukuje pracownika na stanowisko: &nbsp; Inspektor Weterynaryjny Do spraw: zdrowia i ochrony zwierz\u0105t w zespole do spraw zdrowia i ochrony zwierz\u0105t Szczeg\u00f3\u0142y oferty<\/p>\n","protected":false},"author":311,"featured_media":164858,"comment_status":"closed","ping_status":"open","sticky":false,"template":"","format":"standard","meta":{"_monsterinsights_skip_tracking":false,"_monsterinsights_sitenote_active":false,"_monsterinsights_sitenote_note":"","_monsterinsights_sitenote_category":0},"categories":[10],"tags":[],"_links":{"self":[{"href":"https:\/\/up.lublin.pl\/weterynaria\/wp-json\/wp\/v2\/posts\/166966"}],"collection":[{"href":"https:\/\/up.lublin.pl\/weterynaria\/wp-json\/wp\/v2\/posts"}],"about":[{"href":"https:\/\/up.lublin.pl\/weterynaria\/wp-json\/wp\/v2\/types\/post"}],"author":[{"embeddable":true,"href":"https:\/\/up.lublin.pl\/weterynaria\/wp-json\/wp\/v2\/users\/311"}],"replies":[{"embeddable":true,"href":"https:\/\/up.lublin.pl\/weterynaria\/wp-json\/wp\/v2\/comments?post=166966"}],"version-history":[{"count":1,"href":"https:\/\/up.lublin.pl\/weterynaria\/wp-json\/wp\/v2\/posts\/166966\/revisions"}],"predecessor-version":[{"id":166971,"href":"https:\/\/up.lublin.pl\/weterynaria\/wp-json\/wp\/v2\/posts\/166966\/revisions\/166971"}],"wp:featuredmedia":[{"embeddable":true,"href":"https:\/\/up.lublin.pl\/weterynaria\/wp-json\/wp\/v2\/media\/164858"}],"wp:attachment":[{"href":"https:\/\/up.lublin.pl\/weterynaria\/wp-json\/wp\/v2\/media?parent=166966"}],"wp:term":[{"taxonomy":"category","embeddable":true,"href":"https:\/\/up.lublin.pl\/weterynaria\/wp-json\/wp\/v2\/categories?post=166966"},{"taxonomy":"post_tag","embeddable":true,"href":"https:\/\/up.lublin.pl\/weterynaria\/wp-json\/wp\/v2\/tags?post=166966"}],"curies":[{"name":"wp","href":"https:\/\/api.w.org\/{rel}","templated":true}]}}