{"id":165567,"date":"2025-09-18T07:12:23","date_gmt":"2025-09-18T05:12:23","guid":{"rendered":"https:\/\/up.lublin.pl\/weterynaria\/?p=165567"},"modified":"2025-09-18T07:14:26","modified_gmt":"2025-09-18T05:14:26","slug":"biuro-karier-zaprasza-europejski-program-stypendialny-dla-studentow-weterynarii","status":"publish","type":"post","link":"https:\/\/up.lublin.pl\/weterynaria\/biuro-karier-zaprasza-europejski-program-stypendialny-dla-studentow-weterynarii\/","title":{"rendered":"Biuro Karier zaprasza: europejski program stypendialny dla student\u00f3w weterynarii"},"content":{"rendered":"\t\t<div data-elementor-type=\"wp-post\" data-elementor-id=\"165567\" class=\"elementor elementor-165567\" data-elementor-settings=\"[]\">\n\t\t\t\t\t\t<div class=\"elementor-inner\">\n\t\t\t\t\t\t\t<div class=\"elementor-section-wrap\">\n\t\t\t\t\t\t\t<section class=\"elementor-section elementor-top-section elementor-element elementor-element-3241826 elementor-section-boxed elementor-section-height-default elementor-section-height-default\" data-id=\"3241826\" data-element_type=\"section\">\n\t\t\t\t\t\t<div class=\"elementor-container elementor-column-gap-default\">\n\t\t\t\t\t\t\t<div class=\"elementor-row\">\n\t\t\t\t\t<div class=\"elementor-column elementor-col-100 elementor-top-column elementor-element elementor-element-5120d77\" data-id=\"5120d77\" data-element_type=\"column\">\n\t\t\t<div class=\"elementor-column-wrap elementor-element-populated\">\n\t\t\t\t\t\t\t<div class=\"elementor-widget-wrap\">\n\t\t\t\t\t\t<div class=\"elementor-element elementor-element-ea00bf1 elementor-widget elementor-widget-m5c\" data-id=\"ea00bf1\" data-element_type=\"widget\" data-widget_type=\"m5c.default\">\n\t\t\t\t<div class=\"elementor-widget-container\">\n\t\t\t<section class=\"mn-m5-c mn-m5-d2 mn-bg-white\">\n\t<div class=\"mn-grid\">\n\t\t\t\t<div class=\"mn-content mn-grid-9\">\n\t\t\t                <div class=\"mn-content-block active\">\n\t                                                        <div class=\"block-text\">\n\t                                        <h2>Biuro Karier zaprasza do zapoznania si\u0119 z\u00a0informacj\u0105 dotycz\u0105c\u0105 europejskiego programu stypendialnego dla student\u00f3w weterynarii<\/h2>\n<div><img loading=\"lazy\" class=\"alignnone  wp-image-159049\" src=\"https:\/\/up.lublin.pl\/weterynaria\/wp-content\/uploads\/sites\/3\/2023\/10\/LOGOTYP-LOGO-BIURO-KAR.png\" alt=\"Biuro Karier logo logotyp\" width=\"475\" height=\"151\" \/><\/div>\n<div>\u00a0<\/div>\n<div class=\"mcntmcntmcntmcntmcntmcntemail-body\"><span style=\"font-size: small\">Biuro Karier zaprasza do zapoznania si\u0119 z&nbsp;<\/span>informacj\u0105 dotycz\u0105c\u0105 europejskiego programu stypendialnego dla student\u00f3w weterynarii&#8221;.\u00a0<span style=\"font-size: small\">Szczeg\u00f3\u0142owe informacje na stronie Biura Karier:<\/span><\/div>\n<h5 class=\"mcntmcntmcntmcntmcntmcntemail-body\"><span style=\"font-size: small\"><br \/><\/span>\u00a0<a title=\"https:\/\/bk.up.lublin.pl\/ruszyl-nabor-do-europejskiego-programu-stypendialnego-dla-studentow-weterynarii-\" href=\"https:\/\/bk.up.lublin.pl\/ruszyl-nabor-do-europejskiego-programu-stypendialnego-dla-studentow-weterynarii-\" target=\"_blank\" rel=\"noopener\">https:\/\/bk.up.lublin.pl\/ruszyl-nabor-do-europejskiego-programu-stypendialnego-dla-studentow-weterynarii-<\/a><\/h5>\n                                        <\/div>\n\t\t\t\t\t\t                                <\/div>\n\t\t\t\t                <div class=\"mn-content-block\">\n\t                                <\/div>\n\t\t\t\t                <div class=\"mn-content-block\">\n\t                                <\/div>\n\t\t\t\t                <div class=\"mn-content-block\">\n\t                                <\/div>\n\t\t\t\t                <div class=\"mn-content-block\">\n\t                                <\/div>\n\t\t\t\t                <div class=\"mn-content-block\">\n\t                                <\/div>\n\t\t\t\t                <div class=\"mn-content-block\">\n\t                                <\/div>\n\t\t\t\t                <div class=\"mn-content-block\">\n\t                                <\/div>\n\t\t\t\t                <div class=\"mn-content-block\">\n\t                                <\/div>\n\t\t\t\t                <div class=\"mn-content-block\">\n\t                                <\/div>\n\t\t\t\t                <div class=\"mn-content-block\">\n\t                                <\/div>\n\t\t\t\t                <div class=\"mn-content-block\">\n\t                                <\/div>\n\t\t\t\t                <div class=\"mn-content-block\">\n\t                                <\/div>\n\t\t\t\t                <div class=\"mn-content-block\">\n\t                                <\/div>\n\t\t\t\t                <div class=\"mn-content-block\">\n\t                                <\/div>\n\t\t\t\t                <div class=\"mn-content-block\">\n\t                                <\/div>\n\t\t\t\t                <div class=\"mn-content-block\">\n\t                                <\/div>\n\t\t\t\t                <div class=\"mn-content-block\">\n\t                                <\/div>\n\t\t\t\t                <div class=\"mn-content-block\">\n\t                                <\/div>\n\t\t\t\t                <div class=\"mn-content-block\">\n\t                                <\/div>\n\t\t\t\t\t\t<\/div>\n\t<\/div>\n<\/section>\n\t\t<\/div>\n\t\t\t\t<\/div>\n\t\t\t\t\t\t<\/div>\n\t\t\t\t\t<\/div>\n\t\t<\/div>\n\t\t\t\t\t\t\t\t<\/div>\n\t\t\t\t\t<\/div>\n\t\t<\/section>\n\t\t\t\t\t\t<\/div>\n\t\t\t\t\t\t<\/div>\n\t\t\t\t\t<\/div>\n\t\t","protected":false},"excerpt":{"rendered":"<p>Biuro Karier zaprasza do zapoznania si\u0119 z\u00a0informacj\u0105 dotycz\u0105c\u0105 europejskiego programu stypendialnego dla student\u00f3w weterynarii \u00a0Biuro Karier zaprasza do zapoznania si\u0119 z\u00a0informacj\u0105 dotycz\u0105c\u0105 europejskiego programu stypendialnego dla student\u00f3w weterynarii&#8221;.\u00a0Szczeg\u00f3\u0142owe informacje na stronie Biura Karier: \u00a0https:\/\/bk.up.lublin.pl\/ruszyl-nabor-do-europejskiego-programu-stypendialnego-dla-studentow-weterynarii-<\/p>\n","protected":false},"author":228,"featured_media":159164,"comment_status":"closed","ping_status":"open","sticky":false,"template":"elementor_header_footer","format":"standard","meta":{"_monsterinsights_skip_tracking":false,"_monsterinsights_sitenote_active":false,"_monsterinsights_sitenote_note":"","_monsterinsights_sitenote_category":0},"categories":[10],"tags":[],"_links":{"self":[{"href":"https:\/\/up.lublin.pl\/weterynaria\/wp-json\/wp\/v2\/posts\/165567"}],"collection":[{"href":"https:\/\/up.lublin.pl\/weterynaria\/wp-json\/wp\/v2\/posts"}],"about":[{"href":"https:\/\/up.lublin.pl\/weterynaria\/wp-json\/wp\/v2\/types\/post"}],"author":[{"embeddable":true,"href":"https:\/\/up.lublin.pl\/weterynaria\/wp-json\/wp\/v2\/users\/228"}],"replies":[{"embeddable":true,"href":"https:\/\/up.lublin.pl\/weterynaria\/wp-json\/wp\/v2\/comments?post=165567"}],"version-history":[{"count":8,"href":"https:\/\/up.lublin.pl\/weterynaria\/wp-json\/wp\/v2\/posts\/165567\/revisions"}],"predecessor-version":[{"id":165575,"href":"https:\/\/up.lublin.pl\/weterynaria\/wp-json\/wp\/v2\/posts\/165567\/revisions\/165575"}],"wp:featuredmedia":[{"embeddable":true,"href":"https:\/\/up.lublin.pl\/weterynaria\/wp-json\/wp\/v2\/media\/159164"}],"wp:attachment":[{"href":"https:\/\/up.lublin.pl\/weterynaria\/wp-json\/wp\/v2\/media?parent=165567"}],"wp:term":[{"taxonomy":"category","embeddable":true,"href":"https:\/\/up.lublin.pl\/weterynaria\/wp-json\/wp\/v2\/categories?post=165567"},{"taxonomy":"post_tag","embeddable":true,"href":"https:\/\/up.lublin.pl\/weterynaria\/wp-json\/wp\/v2\/tags?post=165567"}],"curies":[{"name":"wp","href":"https:\/\/api.w.org\/{rel}","templated":true}]}}