{"id":164756,"date":"2025-03-06T14:03:22","date_gmt":"2025-03-06T13:03:22","guid":{"rendered":"https:\/\/up.lublin.pl\/weterynaria\/?p=164756"},"modified":"2025-03-06T14:03:22","modified_gmt":"2025-03-06T13:03:22","slug":"biuro-karier-zacheca-do-zapoznania-sie-z-oferta-pracy-jako-lekarz-weterynarii-oraz-technik-weterynarii","status":"publish","type":"post","link":"https:\/\/up.lublin.pl\/weterynaria\/biuro-karier-zacheca-do-zapoznania-sie-z-oferta-pracy-jako-lekarz-weterynarii-oraz-technik-weterynarii\/","title":{"rendered":"Biuro Karier zach\u0119ca do zapoznania si\u0119 z ofert\u0105 pracy jako Lekarz weterynarii oraz Technik weterynarii"},"content":{"rendered":"<p>Biuro Karier zach\u0119ca do zapoznania si\u0119 z ofert\u0105 pracy jako Lekarz weterynarii oraz Technik weterynarii:<\/p>\n<p><a href=\"https:\/\/bk.up.lublin.pl\/Oferta\/8bc7b442-9176-4275-a856-0089ffbbe1ef\"><strong>informacje szczeg\u00f3\u0142owe<\/strong><\/a><\/p>\n","protected":false},"excerpt":{"rendered":"<p>Biuro Karier zach\u0119ca do zapoznania si\u0119 z ofert\u0105 pracy jako Lekarz weterynarii oraz Technik weterynarii: informacje szczeg\u00f3\u0142owe<\/p>\n","protected":false},"author":311,"featured_media":164762,"comment_status":"closed","ping_status":"open","sticky":false,"template":"","format":"standard","meta":{"_monsterinsights_skip_tracking":false,"_monsterinsights_sitenote_active":false,"_monsterinsights_sitenote_note":"","_monsterinsights_sitenote_category":0},"categories":[10],"tags":[],"_links":{"self":[{"href":"https:\/\/up.lublin.pl\/weterynaria\/wp-json\/wp\/v2\/posts\/164756"}],"collection":[{"href":"https:\/\/up.lublin.pl\/weterynaria\/wp-json\/wp\/v2\/posts"}],"about":[{"href":"https:\/\/up.lublin.pl\/weterynaria\/wp-json\/wp\/v2\/types\/post"}],"author":[{"embeddable":true,"href":"https:\/\/up.lublin.pl\/weterynaria\/wp-json\/wp\/v2\/users\/311"}],"replies":[{"embeddable":true,"href":"https:\/\/up.lublin.pl\/weterynaria\/wp-json\/wp\/v2\/comments?post=164756"}],"version-history":[{"count":1,"href":"https:\/\/up.lublin.pl\/weterynaria\/wp-json\/wp\/v2\/posts\/164756\/revisions"}],"predecessor-version":[{"id":164757,"href":"https:\/\/up.lublin.pl\/weterynaria\/wp-json\/wp\/v2\/posts\/164756\/revisions\/164757"}],"wp:featuredmedia":[{"embeddable":true,"href":"https:\/\/up.lublin.pl\/weterynaria\/wp-json\/wp\/v2\/media\/164762"}],"wp:attachment":[{"href":"https:\/\/up.lublin.pl\/weterynaria\/wp-json\/wp\/v2\/media?parent=164756"}],"wp:term":[{"taxonomy":"category","embeddable":true,"href":"https:\/\/up.lublin.pl\/weterynaria\/wp-json\/wp\/v2\/categories?post=164756"},{"taxonomy":"post_tag","embeddable":true,"href":"https:\/\/up.lublin.pl\/weterynaria\/wp-json\/wp\/v2\/tags?post=164756"}],"curies":[{"name":"wp","href":"https:\/\/api.w.org\/{rel}","templated":true}]}}