{"id":175526,"date":"2025-09-26T11:41:00","date_gmt":"2025-09-26T09:41:00","guid":{"rendered":"https:\/\/up.lublin.pl\/srodowiskowa\/?p=175526"},"modified":"2025-09-26T11:41:00","modified_gmt":"2025-09-26T09:41:00","slug":"komunikat-mlegitymacja-studencka","status":"publish","type":"post","link":"https:\/\/up.lublin.pl\/srodowiskowa\/komunikat-mlegitymacja-studencka\/","title":{"rendered":"Komunikat &#8211; mLegitymacja studencka"},"content":{"rendered":"\t\t<div data-elementor-type=\"wp-post\" data-elementor-id=\"175526\" class=\"elementor elementor-175526\" data-elementor-settings=\"[]\">\n\t\t\t\t\t\t<div class=\"elementor-inner\">\n\t\t\t\t\t\t\t<div class=\"elementor-section-wrap\">\n\t\t\t\t\t\t\t<section class=\"elementor-section elementor-top-section elementor-element elementor-element-349c31b elementor-section-boxed elementor-section-height-default elementor-section-height-default\" data-id=\"349c31b\" data-element_type=\"section\">\n\t\t\t\t\t\t<div class=\"elementor-container elementor-column-gap-default\">\n\t\t\t\t\t\t\t<div class=\"elementor-row\">\n\t\t\t\t\t<div class=\"elementor-column elementor-col-100 elementor-top-column elementor-element elementor-element-2ffe12f\" data-id=\"2ffe12f\" data-element_type=\"column\">\n\t\t\t<div class=\"elementor-column-wrap elementor-element-populated\">\n\t\t\t\t\t\t\t<div class=\"elementor-widget-wrap\">\n\t\t\t\t\t\t<div class=\"elementor-element elementor-element-b1e07b5 elementor-widget elementor-widget-m5c\" data-id=\"b1e07b5\" data-element_type=\"widget\" data-widget_type=\"m5c.default\">\n\t\t\t\t<div class=\"elementor-widget-container\">\n\t\t\t<section class=\"mn-m5-c mn-m5-d2 mn-bg-white\">\n\t<div class=\"mn-grid\">\n\t\t\t\t<div class=\"mn-content mn-grid-9\">\n\t\t\t                <div class=\"mn-content-block active\">\n\t                                                        <div class=\"block-text\">\n\t                                        <p>Informacja w&nbsp;sprawie mLegitymacji studenckiej.<\/p>\n<p>Od 1 lipca 2025 roku podstawowym dokumentem potwierdzaj\u0105cym status studenta jest mobilna legitymacja dost\u0119pna w&nbsp;aplikacji mObywatel. W&nbsp;zwi\u0105zku z&nbsp;tym studenci b\u0119d\u0105cy obywatelami polskimi posiadaj\u0105cymi numer PESEL nie s\u0105 zobowi\u0105zani do sk\u0142adania wniosku o&nbsp;wydanie Elektronicznej Legitymacji Studenckiej w&nbsp;formie plastikowej karty. Jednak na ich wniosek, po uiszczeniu op\u0142aty <strong>22 z\u0142<\/strong> taka legitymacja mo\u017ce by\u0107 im wydana.<\/p>\n<p>Z dniem 1 pa\u017adziernika 2025 roku wszystkie osoby przyj\u0119te na pierwszy rok studi\u00f3w b\u0119d\u0105 mia\u0142y mo\u017cliwo\u015b\u0107 aktywowania mobilnej legitymacji w&nbsp;aplikacji mObywatel. Natomiast studenci, kt\u00f3rzy posiadaj\u0105 ju\u017c legitymacj\u0119 studenck\u0105 w&nbsp;postaci plastikowej karty mog\u0105 bezp\u0142atnie otrzyma\u0107 mLegitymacj\u0119 wykonuj\u0105c nast\u0119puj\u0105ce czynno\u015bci:<\/p>\n<ul>\n<li>zalogowa\u0107 si\u0119 do Wirtualnej Uczelni<\/li>\n<li>przej\u015b\u0107 do zak\u0142adki wnioski i&nbsp;wybra\u0107 mLegitymacja<\/li>\n<li>zam\u00f3wi\u0107 mLegityjacj\u0119 przez naci\u015bni\u0119cie przycisku \u201eZ\u0142\u00f3\u017c zam\u00f3wienie\u201d\u00a0<\/li>\n<\/ul>\n<p>mLegitymacja powinna by\u0107 gotowa w&nbsp;ci\u0105gu kilku minut po zako\u0144czeniu procesu wydawania mLegitymacji widoczny b\u0119dzie kod QR w\u00a0postaci numeru oraz kodu mo\u017cliwego do zeskanowania z\u00a0wykorzystaniem aparatu w\u00a0telefonie oraz has\u0142o do potwierdzenia w\u00a0aplikacji mObywatel.<\/p>\n<p>Cudzoziemcy nieposiadaj\u0105cy numeru PESEL s\u0105 zobowi\u0105zani do z\u0142o\u017cenia wniosku o&nbsp;wydanie Elektronicznej Legitymacji Studenckiej i&nbsp;uiszczenia op\u0142aty <strong>22 z\u0142<\/strong> za jej wydanie.<\/p>\n                                        <\/div>\n\t\t\t\t\t\t                                <\/div>\n\t\t\t\t                <div class=\"mn-content-block\">\n\t                                <\/div>\n\t\t\t\t                <div class=\"mn-content-block\">\n\t                                <\/div>\n\t\t\t\t                <div class=\"mn-content-block\">\n\t                                <\/div>\n\t\t\t\t                <div class=\"mn-content-block\">\n\t                                <\/div>\n\t\t\t\t                <div class=\"mn-content-block\">\n\t                                <\/div>\n\t\t\t\t                <div class=\"mn-content-block\">\n\t                                <\/div>\n\t\t\t\t                <div class=\"mn-content-block\">\n\t                                <\/div>\n\t\t\t\t                <div class=\"mn-content-block\">\n\t                                <\/div>\n\t\t\t\t                <div class=\"mn-content-block\">\n\t                                <\/div>\n\t\t\t\t                <div class=\"mn-content-block\">\n\t                                <\/div>\n\t\t\t\t                <div class=\"mn-content-block\">\n\t                                <\/div>\n\t\t\t\t                <div class=\"mn-content-block\">\n\t                                <\/div>\n\t\t\t\t                <div class=\"mn-content-block\">\n\t                                <\/div>\n\t\t\t\t                <div class=\"mn-content-block\">\n\t                                <\/div>\n\t\t\t\t                <div class=\"mn-content-block\">\n\t                                <\/div>\n\t\t\t\t                <div class=\"mn-content-block\">\n\t                                <\/div>\n\t\t\t\t                <div class=\"mn-content-block\">\n\t                                <\/div>\n\t\t\t\t                <div class=\"mn-content-block\">\n\t                                <\/div>\n\t\t\t\t                <div class=\"mn-content-block\">\n\t                                <\/div>\n\t\t\t\t\t\t<\/div>\n\t<\/div>\n<\/section>\n\t\t<\/div>\n\t\t\t\t<\/div>\n\t\t\t\t\t\t<\/div>\n\t\t\t\t\t<\/div>\n\t\t<\/div>\n\t\t\t\t\t\t\t\t<\/div>\n\t\t\t\t\t<\/div>\n\t\t<\/section>\n\t\t\t\t\t\t<\/div>\n\t\t\t\t\t\t<\/div>\n\t\t\t\t\t<\/div>\n\t\t","protected":false},"excerpt":{"rendered":"<p>Informacja w\u00a0sprawie mLegitymacji studenckiej.Od 1 lipca 2025 roku podstawowym dokumentem potwierdzaj\u0105cym status studenta jest mobilna legitymacja dost\u0119pna w\u00a0aplikacji mObywatel. W\u00a0zwi\u0105zku z\u00a0tym studenci b\u0119d\u0105cy obywatelami polskimi posiadaj\u0105cymi numer PESEL nie s\u0105 zobowi\u0105zani do sk\u0142adania wniosku o\u00a0wydanie Elektronicznej Legitymacji Studenckiej w\u00a0formie plastikowej karty. Jednak na ich wniosek, po uiszczeniu op\u0142aty 22 z\u0142 taka legitymacja mo\u017ce by\u0107 im [&hellip;]<\/p>\n","protected":false},"author":202,"featured_media":159375,"comment_status":"closed","ping_status":"open","sticky":false,"template":"elementor_header_footer","format":"standard","meta":{"_monsterinsights_skip_tracking":false,"_monsterinsights_sitenote_active":false,"_monsterinsights_sitenote_note":"","_monsterinsights_sitenote_category":0},"categories":[24],"tags":[],"_links":{"self":[{"href":"https:\/\/up.lublin.pl\/srodowiskowa\/wp-json\/wp\/v2\/posts\/175526"}],"collection":[{"href":"https:\/\/up.lublin.pl\/srodowiskowa\/wp-json\/wp\/v2\/posts"}],"about":[{"href":"https:\/\/up.lublin.pl\/srodowiskowa\/wp-json\/wp\/v2\/types\/post"}],"author":[{"embeddable":true,"href":"https:\/\/up.lublin.pl\/srodowiskowa\/wp-json\/wp\/v2\/users\/202"}],"replies":[{"embeddable":true,"href":"https:\/\/up.lublin.pl\/srodowiskowa\/wp-json\/wp\/v2\/comments?post=175526"}],"version-history":[{"count":11,"href":"https:\/\/up.lublin.pl\/srodowiskowa\/wp-json\/wp\/v2\/posts\/175526\/revisions"}],"predecessor-version":[{"id":175537,"href":"https:\/\/up.lublin.pl\/srodowiskowa\/wp-json\/wp\/v2\/posts\/175526\/revisions\/175537"}],"wp:featuredmedia":[{"embeddable":true,"href":"https:\/\/up.lublin.pl\/srodowiskowa\/wp-json\/wp\/v2\/media\/159375"}],"wp:attachment":[{"href":"https:\/\/up.lublin.pl\/srodowiskowa\/wp-json\/wp\/v2\/media?parent=175526"}],"wp:term":[{"taxonomy":"category","embeddable":true,"href":"https:\/\/up.lublin.pl\/srodowiskowa\/wp-json\/wp\/v2\/categories?post=175526"},{"taxonomy":"post_tag","embeddable":true,"href":"https:\/\/up.lublin.pl\/srodowiskowa\/wp-json\/wp\/v2\/tags?post=175526"}],"curies":[{"name":"wp","href":"https:\/\/api.w.org\/{rel}","templated":true}]}}