{"id":175175,"date":"2025-07-16T09:38:21","date_gmt":"2025-07-16T07:38:21","guid":{"rendered":"https:\/\/up.lublin.pl\/srodowiskowa\/?p=175175"},"modified":"2025-07-16T09:39:15","modified_gmt":"2025-07-16T07:39:15","slug":"badania-zlotej-algi-przez-pracownikow-wydzialu-biologii-srodowiskowej","status":"publish","type":"post","link":"https:\/\/up.lublin.pl\/srodowiskowa\/badania-zlotej-algi-przez-pracownikow-wydzialu-biologii-srodowiskowej\/","title":{"rendered":"Badania \u201ez\u0142otej algi\u201d przez pracownik\u00f3w Wydzia\u0142u Biologii \u015arodowiskowej"},"content":{"rendered":"\t\t<div data-elementor-type=\"wp-post\" data-elementor-id=\"175175\" class=\"elementor elementor-175175\" data-elementor-settings=\"[]\">\n\t\t\t\t\t\t<div class=\"elementor-inner\">\n\t\t\t\t\t\t\t<div class=\"elementor-section-wrap\">\n\t\t\t\t\t\t\t<section class=\"elementor-section elementor-top-section elementor-element elementor-element-40620e7 elementor-section-boxed elementor-section-height-default elementor-section-height-default\" data-id=\"40620e7\" data-element_type=\"section\">\n\t\t\t\t\t\t<div class=\"elementor-container elementor-column-gap-default\">\n\t\t\t\t\t\t\t<div class=\"elementor-row\">\n\t\t\t\t\t<div class=\"elementor-column elementor-col-100 elementor-top-column elementor-element elementor-element-b42c5b9\" data-id=\"b42c5b9\" data-element_type=\"column\">\n\t\t\t<div class=\"elementor-column-wrap elementor-element-populated\">\n\t\t\t\t\t\t\t<div class=\"elementor-widget-wrap\">\n\t\t\t\t\t\t<div class=\"elementor-element elementor-element-85dcb0e elementor-widget elementor-widget-m5c\" data-id=\"85dcb0e\" data-element_type=\"widget\" data-widget_type=\"m5c.default\">\n\t\t\t\t<div class=\"elementor-widget-container\">\n\t\t\t<section class=\"mn-m5-c mn-m5-d2 mn-bg-white\">\n\t<div class=\"mn-grid\">\n\t\t\t\t<div class=\"mn-content mn-grid-9\">\n\t\t\t                <div class=\"mn-content-block active\">\n\t                                                        <div class=\"block-text\">\n\t                                        <p><strong><em>Prymnesium parvum<\/em> (potocznie nazywany \u201ez\u0142ot\u0105 alg\u0105\u201d)<\/strong> to gatunek glonu, kt\u00f3ry posiada szeroki zakres tolerancji ekologicznej w&nbsp;stosunku do zasolenia wody i&nbsp;jej temperatury, jest to tzw. gatunek euryhalinowy i&nbsp;eurytermiczny. Rozwin\u0105\u0142 si\u0119 on masowo i&nbsp;by\u0142 przyczyn\u0105 katastrofy ekologicznej w&nbsp;Odrze w&nbsp;2022 roku, doprowadzaj\u0105c do \u015bni\u0119cia ryb oraz \u015bmierci innych organizm\u00f3w wodnych oddychaj\u0105cych skrzelami. Katastrofa ekologiczna, kt\u00f3ra mia\u0142a miejsce w&nbsp;rzece sta\u0142a si\u0119 asumptem do monitoringu obecno\u015bci tego gatunku w&nbsp;wodach. <strong>Pracownicy Katedry Hydrobiologii i&nbsp;Ochrony Ekosystem\u00f3w Wydzia\u0142u Biologii \u015arodowiskowej &#8211; prof. dr hab. Tomasz Mieczan i&nbsp;dr in\u017c. Magdalena Toporowska, prowadz\u0105 od 2023 roku badania monitoringowe dotycz\u0105ce obecno\u015bci \u201ez\u0142otej algi\u201d w&nbsp;wodach rzeki Odry na terenie Wroc\u0142awia. Badania realizowane<\/strong><strong> s\u0105 na zlecenie Miejskiego Przedsi\u0119biorstwa Wodoci\u0105g\u00f3w i&nbsp;Kanalizacji we Wroc\u0142awiu (MPWiK).<\/strong><\/p>\n<p style=\"text-align: right\"><img loading=\"lazy\" class=\"size-full wp-image-175183 aligncenter\" src=\"https:\/\/up.lublin.pl\/srodowiskowa\/wp-content\/uploads\/sites\/5\/2025\/07\/zlota-alga.jpg\" alt=\"\" width=\"509\" height=\"320\" \/><br \/><i>Fot. Prymnesium<\/i> <i>parvum &#8220;z\u0142ota alga&#8221;, <\/i><strong>Fot. Magdalena Toporowska<\/strong><\/p>\n<p>\u201eZ\u0142ota alga\u201d charakteryzuje si\u0119 produkcj\u0105 prymnezyn \u2013 ichtiotoksyn, kt\u00f3re uszkadzaj\u0105 b\u0142ony kom\u00f3rkowe. W&nbsp;efekcie dochodzi do zaburze\u0144 osmoregulacji, niedotlenienia oraz martwicy tkanek. W&nbsp;literaturze odnotowano r\u00f3wnie\u017c przypadki \u015bni\u0119\u0107 ryb, kt\u00f3re nie by\u0142y bezpo\u015brednio zwi\u0105zane z&nbsp;dzia\u0142aniem prymnezyn, co wskazuje na z\u0142o\u017cony i&nbsp;nie w&nbsp;pe\u0142ni poznany charakter toksyczno\u015bci tego glonu. W&nbsp;zwi\u0105zku z&nbsp;tym monitoring obecno\u015bci <em>P. parvum<\/em> w&nbsp;wodach powierzchniowych pozostaje kluczowym elementem oceny zagro\u017ce\u0144 ekologicznych i&nbsp;zarz\u0105dzania jako\u015bci\u0105 \u015brodowiska wodnego, szczeg\u00f3lnie w&nbsp;dobie nasilaj\u0105cych si\u0119 zmian klimatycznych.<\/p>\n<h5 style=\"text-align: right\">\u00a0<\/h5>\n                                        <\/div>\n\t\t\t\t\t\t                                <\/div>\n\t\t\t\t                <div class=\"mn-content-block\">\n\t                                <\/div>\n\t\t\t\t                <div class=\"mn-content-block\">\n\t                                <\/div>\n\t\t\t\t                <div class=\"mn-content-block\">\n\t                                <\/div>\n\t\t\t\t                <div class=\"mn-content-block\">\n\t                                <\/div>\n\t\t\t\t                <div class=\"mn-content-block\">\n\t                                <\/div>\n\t\t\t\t                <div class=\"mn-content-block\">\n\t                                <\/div>\n\t\t\t\t                <div class=\"mn-content-block\">\n\t                                <\/div>\n\t\t\t\t                <div class=\"mn-content-block\">\n\t                                <\/div>\n\t\t\t\t                <div class=\"mn-content-block\">\n\t                                <\/div>\n\t\t\t\t                <div class=\"mn-content-block\">\n\t                                <\/div>\n\t\t\t\t                <div class=\"mn-content-block\">\n\t                                <\/div>\n\t\t\t\t                <div class=\"mn-content-block\">\n\t                                <\/div>\n\t\t\t\t                <div class=\"mn-content-block\">\n\t                                <\/div>\n\t\t\t\t                <div class=\"mn-content-block\">\n\t                                <\/div>\n\t\t\t\t                <div class=\"mn-content-block\">\n\t                                <\/div>\n\t\t\t\t                <div class=\"mn-content-block\">\n\t                                <\/div>\n\t\t\t\t                <div class=\"mn-content-block\">\n\t                                <\/div>\n\t\t\t\t                <div class=\"mn-content-block\">\n\t                                <\/div>\n\t\t\t\t                <div class=\"mn-content-block\">\n\t                                <\/div>\n\t\t\t\t\t\t<\/div>\n\t<\/div>\n<\/section>\n\t\t<\/div>\n\t\t\t\t<\/div>\n\t\t\t\t\t\t<\/div>\n\t\t\t\t\t<\/div>\n\t\t<\/div>\n\t\t\t\t\t\t\t\t<\/div>\n\t\t\t\t\t<\/div>\n\t\t<\/section>\n\t\t\t\t\t\t<\/div>\n\t\t\t\t\t\t<\/div>\n\t\t\t\t\t<\/div>\n\t\t","protected":false},"excerpt":{"rendered":"<p>Prymnesium parvum (potocznie nazywany \u201ez\u0142ot\u0105 alg\u0105\u201d) to gatunek glonu, kt\u00f3ry posiada szeroki zakres tolerancji ekologicznej w&nbsp;stosunku do zasolenia wody i&nbsp;jej temperatury, jest to tzw. gatunek euryhalinowy i&nbsp;eurytermiczny. Rozwin\u0105\u0142 si\u0119 on masowo i&nbsp;by\u0142 przyczyn\u0105 katastrofy ekologicznej w&nbsp;Odrze w&nbsp;2022 roku, doprowadzaj\u0105c do \u015bni\u0119cia ryb oraz \u015bmierci innych organizm\u00f3w wodnych oddychaj\u0105cych skrzelami. Katastrofa ekologiczna, kt\u00f3ra mia\u0142a miejsce w&nbsp;rzece [&hellip;]<\/p>\n","protected":false},"author":202,"featured_media":175183,"comment_status":"closed","ping_status":"open","sticky":false,"template":"elementor_header_footer","format":"standard","meta":{"_monsterinsights_skip_tracking":false,"_monsterinsights_sitenote_active":false,"_monsterinsights_sitenote_note":"","_monsterinsights_sitenote_category":0},"categories":[24],"tags":[],"_links":{"self":[{"href":"https:\/\/up.lublin.pl\/srodowiskowa\/wp-json\/wp\/v2\/posts\/175175"}],"collection":[{"href":"https:\/\/up.lublin.pl\/srodowiskowa\/wp-json\/wp\/v2\/posts"}],"about":[{"href":"https:\/\/up.lublin.pl\/srodowiskowa\/wp-json\/wp\/v2\/types\/post"}],"author":[{"embeddable":true,"href":"https:\/\/up.lublin.pl\/srodowiskowa\/wp-json\/wp\/v2\/users\/202"}],"replies":[{"embeddable":true,"href":"https:\/\/up.lublin.pl\/srodowiskowa\/wp-json\/wp\/v2\/comments?post=175175"}],"version-history":[{"count":14,"href":"https:\/\/up.lublin.pl\/srodowiskowa\/wp-json\/wp\/v2\/posts\/175175\/revisions"}],"predecessor-version":[{"id":175193,"href":"https:\/\/up.lublin.pl\/srodowiskowa\/wp-json\/wp\/v2\/posts\/175175\/revisions\/175193"}],"wp:featuredmedia":[{"embeddable":true,"href":"https:\/\/up.lublin.pl\/srodowiskowa\/wp-json\/wp\/v2\/media\/175183"}],"wp:attachment":[{"href":"https:\/\/up.lublin.pl\/srodowiskowa\/wp-json\/wp\/v2\/media?parent=175175"}],"wp:term":[{"taxonomy":"category","embeddable":true,"href":"https:\/\/up.lublin.pl\/srodowiskowa\/wp-json\/wp\/v2\/categories?post=175175"},{"taxonomy":"post_tag","embeddable":true,"href":"https:\/\/up.lublin.pl\/srodowiskowa\/wp-json\/wp\/v2\/tags?post=175175"}],"curies":[{"name":"wp","href":"https:\/\/api.w.org\/{rel}","templated":true}]}}