{"id":174418,"date":"2025-03-24T11:02:06","date_gmt":"2025-03-24T10:02:06","guid":{"rendered":"https:\/\/up.lublin.pl\/srodowiskowa\/?p=174418"},"modified":"2025-03-24T11:10:10","modified_gmt":"2025-03-24T10:10:10","slug":"stypendia-ministra-nauki-i-szkolnictwa-wyzszego-dla-studentow-wydzialu-biologii-srodowiskowej","status":"publish","type":"post","link":"https:\/\/up.lublin.pl\/srodowiskowa\/stypendia-ministra-nauki-i-szkolnictwa-wyzszego-dla-studentow-wydzialu-biologii-srodowiskowej\/","title":{"rendered":"Stypendia Ministra Nauki i Szkolnictwa Wy\u017cszego dla student\u00f3w Wydzia\u0142u Biologii \u015arodowiskowej"},"content":{"rendered":"\t\t<div data-elementor-type=\"wp-post\" data-elementor-id=\"174418\" class=\"elementor elementor-174418\" data-elementor-settings=\"[]\">\n\t\t\t\t\t\t<div class=\"elementor-inner\">\n\t\t\t\t\t\t\t<div class=\"elementor-section-wrap\">\n\t\t\t\t\t\t\t<section class=\"elementor-section elementor-top-section elementor-element elementor-element-1433184 elementor-section-boxed elementor-section-height-default elementor-section-height-default\" data-id=\"1433184\" data-element_type=\"section\">\n\t\t\t\t\t\t<div class=\"elementor-container elementor-column-gap-default\">\n\t\t\t\t\t\t\t<div class=\"elementor-row\">\n\t\t\t\t\t<div class=\"elementor-column elementor-col-100 elementor-top-column elementor-element elementor-element-a45d639\" data-id=\"a45d639\" data-element_type=\"column\">\n\t\t\t<div class=\"elementor-column-wrap elementor-element-populated\">\n\t\t\t\t\t\t\t<div class=\"elementor-widget-wrap\">\n\t\t\t\t\t\t<div class=\"elementor-element elementor-element-728cc98 elementor-widget elementor-widget-m5c\" data-id=\"728cc98\" data-element_type=\"widget\" data-widget_type=\"m5c.default\">\n\t\t\t\t<div class=\"elementor-widget-container\">\n\t\t\t<section class=\"mn-m5-c mn-m5-d2 mn-bg-white\">\n\t<div class=\"mn-grid\">\n\t\t\t\t<div class=\"mn-content mn-grid-9\">\n\t\t\t                <div class=\"mn-content-block active\">\n\t                                                        <div class=\"block-text\">\n\t                                        <p class=\"mcntMsoNormal\"><b>Mi\u0142o nam poinformowa\u0107, \u017ce Minister Nauki i\u00a0Szkolnictwa Wy\u017cszego przyzna\u0142 studentkom i\u00a0studentom Wydzia\u0142u Biologii \u015arodowiskowej stypendia za znacz\u0105ce osi\u0105gniecia naukowe. Stypendium jest wyp\u0142acane jednorazowo, a\u00a0jego wysoko\u015b\u0107 wynosi 17000 z\u0142.\u00a0<\/b><\/p>\n<p class=\"mcntMsoNormal\">W roku akademickim 2024-2025 stypendium otrzymali:<\/p>\n<p class=\"mcntMsoNormal\"><b>Mateusz Piejak<\/b>, kierunek: ochrona \u015brodowiska<\/p>\n<p class=\"mcntMsoNormal\"><b>Dominika Pietrasik<\/b>, kierunek: biokosmetologia<\/p>\n<p class=\"mcntMsoNormal\">Gratulujemy wszystkim nagrodzonym i\u00a0\u017cyczymy dalszych sukces\u00f3w naukowych!<\/p>\n                                        <\/div>\n\t\t\t\t\t\t                                <\/div>\n\t\t\t\t                <div class=\"mn-content-block\">\n\t                                <\/div>\n\t\t\t\t                <div class=\"mn-content-block\">\n\t                                <\/div>\n\t\t\t\t                <div class=\"mn-content-block\">\n\t                                <\/div>\n\t\t\t\t                <div class=\"mn-content-block\">\n\t                                <\/div>\n\t\t\t\t                <div class=\"mn-content-block\">\n\t                                <\/div>\n\t\t\t\t                <div class=\"mn-content-block\">\n\t                                <\/div>\n\t\t\t\t                <div class=\"mn-content-block\">\n\t                                <\/div>\n\t\t\t\t                <div class=\"mn-content-block\">\n\t                                <\/div>\n\t\t\t\t                <div class=\"mn-content-block\">\n\t                                <\/div>\n\t\t\t\t                <div class=\"mn-content-block\">\n\t                                <\/div>\n\t\t\t\t                <div class=\"mn-content-block\">\n\t                                <\/div>\n\t\t\t\t                <div class=\"mn-content-block\">\n\t                                <\/div>\n\t\t\t\t                <div class=\"mn-content-block\">\n\t                                <\/div>\n\t\t\t\t                <div class=\"mn-content-block\">\n\t                                <\/div>\n\t\t\t\t                <div class=\"mn-content-block\">\n\t                                <\/div>\n\t\t\t\t                <div class=\"mn-content-block\">\n\t                                <\/div>\n\t\t\t\t                <div class=\"mn-content-block\">\n\t                                <\/div>\n\t\t\t\t                <div class=\"mn-content-block\">\n\t                                <\/div>\n\t\t\t\t                <div class=\"mn-content-block\">\n\t                                <\/div>\n\t\t\t\t\t\t<\/div>\n\t<\/div>\n<\/section>\n\t\t<\/div>\n\t\t\t\t<\/div>\n\t\t\t\t\t\t<\/div>\n\t\t\t\t\t<\/div>\n\t\t<\/div>\n\t\t\t\t\t\t\t\t<\/div>\n\t\t\t\t\t<\/div>\n\t\t<\/section>\n\t\t\t\t\t\t<\/div>\n\t\t\t\t\t\t<\/div>\n\t\t\t\t\t<\/div>\n\t\t","protected":false},"excerpt":{"rendered":"<p>Mi\u0142o nam poinformowa\u0107, \u017ce Minister Nauki i\u00a0Szkolnictwa Wy\u017cszego przyzna\u0142 studentkom i\u00a0studentom Wydzia\u0142u Biologii \u015arodowiskowej stypendia za znacz\u0105ce osi\u0105gniecia naukowe. Stypendium jest wyp\u0142acane jednorazowo, a\u00a0jego wysoko\u015b\u0107 wynosi 17000 z\u0142.\u00a0 W roku akademickim 2024-2025 stypendium otrzymali: Mateusz Piejak, kierunek: ochrona \u015brodowiska Dominika Pietrasik, kierunek: biokosmetologia Gratulujemy wszystkim nagrodzonym i\u00a0\u017cyczymy dalszych sukces\u00f3w naukowych!<\/p>\n","protected":false},"author":202,"featured_media":174422,"comment_status":"closed","ping_status":"open","sticky":false,"template":"elementor_header_footer","format":"standard","meta":{"_monsterinsights_skip_tracking":false,"_monsterinsights_sitenote_active":false,"_monsterinsights_sitenote_note":"","_monsterinsights_sitenote_category":0},"categories":[24],"tags":[],"_links":{"self":[{"href":"https:\/\/up.lublin.pl\/srodowiskowa\/wp-json\/wp\/v2\/posts\/174418"}],"collection":[{"href":"https:\/\/up.lublin.pl\/srodowiskowa\/wp-json\/wp\/v2\/posts"}],"about":[{"href":"https:\/\/up.lublin.pl\/srodowiskowa\/wp-json\/wp\/v2\/types\/post"}],"author":[{"embeddable":true,"href":"https:\/\/up.lublin.pl\/srodowiskowa\/wp-json\/wp\/v2\/users\/202"}],"replies":[{"embeddable":true,"href":"https:\/\/up.lublin.pl\/srodowiskowa\/wp-json\/wp\/v2\/comments?post=174418"}],"version-history":[{"count":4,"href":"https:\/\/up.lublin.pl\/srodowiskowa\/wp-json\/wp\/v2\/posts\/174418\/revisions"}],"predecessor-version":[{"id":174426,"href":"https:\/\/up.lublin.pl\/srodowiskowa\/wp-json\/wp\/v2\/posts\/174418\/revisions\/174426"}],"wp:featuredmedia":[{"embeddable":true,"href":"https:\/\/up.lublin.pl\/srodowiskowa\/wp-json\/wp\/v2\/media\/174422"}],"wp:attachment":[{"href":"https:\/\/up.lublin.pl\/srodowiskowa\/wp-json\/wp\/v2\/media?parent=174418"}],"wp:term":[{"taxonomy":"category","embeddable":true,"href":"https:\/\/up.lublin.pl\/srodowiskowa\/wp-json\/wp\/v2\/categories?post=174418"},{"taxonomy":"post_tag","embeddable":true,"href":"https:\/\/up.lublin.pl\/srodowiskowa\/wp-json\/wp\/v2\/tags?post=174418"}],"curies":[{"name":"wp","href":"https:\/\/api.w.org\/{rel}","templated":true}]}}