{"id":171857,"date":"2024-09-04T08:51:51","date_gmt":"2024-09-04T06:51:51","guid":{"rendered":"https:\/\/up.lublin.pl\/srodowiskowa\/?p=171857"},"modified":"2024-09-04T08:57:38","modified_gmt":"2024-09-04T06:57:38","slug":"ogloszenie-o-wrzesniowych-termiach-egzaminow-dyplomowych-w-r-ak-2023-2024","status":"publish","type":"post","link":"https:\/\/up.lublin.pl\/srodowiskowa\/ogloszenie-o-wrzesniowych-termiach-egzaminow-dyplomowych-w-r-ak-2023-2024\/","title":{"rendered":"Og\u0142oszenie o wrze\u015bniowych terminach egzamin\u00f3w dyplomowych w r.ak. 2023\/2024"},"content":{"rendered":"<p><strong>EGZAMIN DYPLOMOWY MAGISTERSKI DLA KIERUNKU\u00a0BIOKOSMETOLOGIA<br \/>\n<\/strong>studia stacjonarne II stopnia, profil og\u00f3lnoakademicki, nab\u00f3r 2022\/2023<br \/>\n<strong>planowany jest <\/strong><strong>w dniu 11 wrze\u015bnia 2024 r. od godz. 09.00, Agro II sala 4.<\/strong><\/p>\n","protected":false},"excerpt":{"rendered":"<p>EGZAMIN DYPLOMOWY MAGISTERSKI DLA KIERUNKU\u00a0BIOKOSMETOLOGIA studia stacjonarne II stopnia, profil og\u00f3lnoakademicki, nab\u00f3r 2022\/2023 planowany jest w dniu 11 wrze\u015bnia 2024 r. od godz. 09.00, Agro II sala 4.<\/p>\n","protected":false},"author":202,"featured_media":159383,"comment_status":"closed","ping_status":"open","sticky":false,"template":"","format":"standard","meta":{"_monsterinsights_skip_tracking":false,"_monsterinsights_sitenote_active":false,"_monsterinsights_sitenote_note":"","_monsterinsights_sitenote_category":0},"categories":[24],"tags":[],"_links":{"self":[{"href":"https:\/\/up.lublin.pl\/srodowiskowa\/wp-json\/wp\/v2\/posts\/171857"}],"collection":[{"href":"https:\/\/up.lublin.pl\/srodowiskowa\/wp-json\/wp\/v2\/posts"}],"about":[{"href":"https:\/\/up.lublin.pl\/srodowiskowa\/wp-json\/wp\/v2\/types\/post"}],"author":[{"embeddable":true,"href":"https:\/\/up.lublin.pl\/srodowiskowa\/wp-json\/wp\/v2\/users\/202"}],"replies":[{"embeddable":true,"href":"https:\/\/up.lublin.pl\/srodowiskowa\/wp-json\/wp\/v2\/comments?post=171857"}],"version-history":[{"count":7,"href":"https:\/\/up.lublin.pl\/srodowiskowa\/wp-json\/wp\/v2\/posts\/171857\/revisions"}],"predecessor-version":[{"id":171864,"href":"https:\/\/up.lublin.pl\/srodowiskowa\/wp-json\/wp\/v2\/posts\/171857\/revisions\/171864"}],"wp:featuredmedia":[{"embeddable":true,"href":"https:\/\/up.lublin.pl\/srodowiskowa\/wp-json\/wp\/v2\/media\/159383"}],"wp:attachment":[{"href":"https:\/\/up.lublin.pl\/srodowiskowa\/wp-json\/wp\/v2\/media?parent=171857"}],"wp:term":[{"taxonomy":"category","embeddable":true,"href":"https:\/\/up.lublin.pl\/srodowiskowa\/wp-json\/wp\/v2\/categories?post=171857"},{"taxonomy":"post_tag","embeddable":true,"href":"https:\/\/up.lublin.pl\/srodowiskowa\/wp-json\/wp\/v2\/tags?post=171857"}],"curies":[{"name":"wp","href":"https:\/\/api.w.org\/{rel}","templated":true}]}}