{"id":171724,"date":"2024-07-05T09:53:13","date_gmt":"2024-07-05T07:53:13","guid":{"rendered":"https:\/\/up.lublin.pl\/srodowiskowa\/?p=171724"},"modified":"2024-07-05T09:53:13","modified_gmt":"2024-07-05T07:53:13","slug":"szczegolowy-harmonogram-przeprowadzenia-egzaminu-z-praktyk-zawodowych-2","status":"publish","type":"post","link":"https:\/\/up.lublin.pl\/srodowiskowa\/szczegolowy-harmonogram-przeprowadzenia-egzaminu-z-praktyk-zawodowych-2\/","title":{"rendered":"Szczeg\u00f3\u0142owy harmonogram przeprowadzenia EGZAMINU Z PRAKTYK ZAWODOWYCH"},"content":{"rendered":"<p><strong>Biobezpiecze\u0144stwo i zarz\u0105dzanie kryzysowe<\/strong><\/p>\n<p>studia I stopnia stacjonarne<\/p>\n<p>s. konferencyjna, ul. Akademicka 15<\/p>\n<table>\n<tbody>\n<tr>\n<td width=\"202\"><strong>Data<\/strong><\/td>\n<td width=\"201\"><strong>Godzina<\/strong><\/td>\n<td width=\"201\"><strong>Nazwiska<\/strong><\/td>\n<\/tr>\n<tr>\n<td width=\"202\"><strong>12<\/strong>.09.2024<\/td>\n<td width=\"201\">9.00-10.00<\/td>\n<td width=\"201\">na litery Ch\u2026-W\u2026<\/td>\n<\/tr>\n<\/tbody>\n<\/table>\n<p>&nbsp;<\/p>\n<p>&nbsp;<\/p>\n<p><strong>Biologia<\/strong><\/p>\n<p>studia I stopnia stacjonarne<\/p>\n<p>s. konferencyjna, ul. Akademicka 15<\/p>\n<table>\n<tbody>\n<tr>\n<td width=\"202\"><strong>Data<\/strong><\/td>\n<td width=\"201\"><strong>Godzina<\/strong><\/td>\n<td width=\"201\"><strong>Nazwiska<\/strong><\/td>\n<\/tr>\n<tr>\n<td width=\"202\"><strong>12<\/strong>.09.2024<\/td>\n<td width=\"201\">11.00-12.00<\/td>\n<td width=\"201\">na litery A\u2026-T\u2026<\/td>\n<\/tr>\n<\/tbody>\n<\/table>\n<p>&nbsp;<\/p>\n<p>&nbsp;<\/p>\n<p><strong>Ochrona \u015brodowiska<\/strong><\/p>\n<p>studia I stopnia stacjonarne<\/p>\n<p>s. konferencyjna, ul. Akademicka 15<\/p>\n<table>\n<tbody>\n<tr>\n<td width=\"202\"><strong>Data<\/strong><\/td>\n<td width=\"201\"><strong>Godzina<\/strong><\/td>\n<td width=\"201\"><strong>Nazwiska<\/strong><\/td>\n<\/tr>\n<tr>\n<td width=\"202\"><strong>12<\/strong>.09.2024<\/td>\n<td width=\"201\">10.00-11.00<\/td>\n<td width=\"201\">na litery Ch\u2026-Z\u2026<\/td>\n<\/tr>\n<\/tbody>\n<\/table>\n<p>&nbsp;<\/p>\n<p>&nbsp;<\/p>\n<p><strong>Biokosmetologia<\/strong><\/p>\n<p>studia I stopnia stacjonarne<\/p>\n<p>s. konferencyjna, ul. Akademicka 15<\/p>\n<table>\n<tbody>\n<tr>\n<td width=\"202\"><strong>Data<\/strong><\/td>\n<td width=\"201\"><strong>Godzina<\/strong><\/td>\n<td width=\"201\"><strong>Nazwiska<\/strong><\/td>\n<\/tr>\n<tr>\n<td width=\"202\"><strong>13<\/strong>.09.2024<\/td>\n<td width=\"201\">9.00-10.00<\/td>\n<td width=\"201\">na litery A\u2026-Gor\u2026<\/td>\n<\/tr>\n<tr>\n<td width=\"202\"><strong>13<\/strong>.09.2024<\/td>\n<td width=\"201\">10.00-11.00<\/td>\n<td width=\"201\">na litery Goz\u2026-Kwa\u015bnie\u2026<\/td>\n<\/tr>\n<tr>\n<td width=\"202\"><strong>13<\/strong>.09.2024<\/td>\n<td width=\"201\">11.00-12.00<\/td>\n<td width=\"201\">na litery Kwa\u015bnio\u2026-Pa\u0142\u2026<\/td>\n<\/tr>\n<tr>\n<td width=\"202\"><strong>13<\/strong>.09.2024<\/td>\n<td width=\"201\">12.00-13.00<\/td>\n<td width=\"201\">na litery Pat\u2026-Sy\u2026<\/td>\n<\/tr>\n<tr>\n<td width=\"202\"><strong>13<\/strong>.09.2024<\/td>\n<td width=\"201\">13.00-13.25<\/td>\n<td width=\"201\">na litery T\u2026-W\u2026<\/td>\n<\/tr>\n<\/tbody>\n<\/table>\n<p>&nbsp;<\/p>\n<p>&nbsp;<\/p>\n","protected":false},"excerpt":{"rendered":"<p>Biobezpiecze\u0144stwo i zarz\u0105dzanie kryzysowe studia I stopnia stacjonarne s. konferencyjna, ul. Akademicka 15 Data Godzina Nazwiska 12.09.2024 9.00-10.00 na litery Ch\u2026-W\u2026 &nbsp; &nbsp; Biologia studia I stopnia stacjonarne s. konferencyjna, ul. Akademicka 15 Data Godzina Nazwiska 12.09.2024 11.00-12.00 na litery A\u2026-T\u2026 &nbsp; &nbsp; Ochrona \u015brodowiska studia I stopnia stacjonarne s. konferencyjna, ul. Akademicka 15 Data [&hellip;]<\/p>\n","protected":false},"author":202,"featured_media":159388,"comment_status":"closed","ping_status":"open","sticky":false,"template":"","format":"standard","meta":{"_monsterinsights_skip_tracking":false,"_monsterinsights_sitenote_active":false,"_monsterinsights_sitenote_note":"","_monsterinsights_sitenote_category":0},"categories":[24],"tags":[],"_links":{"self":[{"href":"https:\/\/up.lublin.pl\/srodowiskowa\/wp-json\/wp\/v2\/posts\/171724"}],"collection":[{"href":"https:\/\/up.lublin.pl\/srodowiskowa\/wp-json\/wp\/v2\/posts"}],"about":[{"href":"https:\/\/up.lublin.pl\/srodowiskowa\/wp-json\/wp\/v2\/types\/post"}],"author":[{"embeddable":true,"href":"https:\/\/up.lublin.pl\/srodowiskowa\/wp-json\/wp\/v2\/users\/202"}],"replies":[{"embeddable":true,"href":"https:\/\/up.lublin.pl\/srodowiskowa\/wp-json\/wp\/v2\/comments?post=171724"}],"version-history":[{"count":4,"href":"https:\/\/up.lublin.pl\/srodowiskowa\/wp-json\/wp\/v2\/posts\/171724\/revisions"}],"predecessor-version":[{"id":171728,"href":"https:\/\/up.lublin.pl\/srodowiskowa\/wp-json\/wp\/v2\/posts\/171724\/revisions\/171728"}],"wp:featuredmedia":[{"embeddable":true,"href":"https:\/\/up.lublin.pl\/srodowiskowa\/wp-json\/wp\/v2\/media\/159388"}],"wp:attachment":[{"href":"https:\/\/up.lublin.pl\/srodowiskowa\/wp-json\/wp\/v2\/media?parent=171724"}],"wp:term":[{"taxonomy":"category","embeddable":true,"href":"https:\/\/up.lublin.pl\/srodowiskowa\/wp-json\/wp\/v2\/categories?post=171724"},{"taxonomy":"post_tag","embeddable":true,"href":"https:\/\/up.lublin.pl\/srodowiskowa\/wp-json\/wp\/v2\/tags?post=171724"}],"curies":[{"name":"wp","href":"https:\/\/api.w.org\/{rel}","templated":true}]}}