{"id":170958,"date":"2024-06-18T10:31:51","date_gmt":"2024-06-18T08:31:51","guid":{"rendered":"https:\/\/up.lublin.pl\/srodowiskowa\/?p=170958"},"modified":"2024-06-18T11:58:42","modified_gmt":"2024-06-18T09:58:42","slug":"pracownicy-katedry-botaniki-i-fizjologii-roslin-zaprezentowali-oferte-edukacyjna-wydzialu-biologii-srodowiskowej-uczniom-ii-lo-w-swidniku","status":"publish","type":"post","link":"https:\/\/up.lublin.pl\/srodowiskowa\/pracownicy-katedry-botaniki-i-fizjologii-roslin-zaprezentowali-oferte-edukacyjna-wydzialu-biologii-srodowiskowej-uczniom-ii-lo-w-swidniku\/","title":{"rendered":"Pracownicy Katedry Botaniki i Fizjologii Ro\u015blin zaprezentowali ofert\u0119 edukacyjn\u0105 Wydzia\u0142u Biologii \u015arodowiskowej uczniom II LO w \u015awidniku."},"content":{"rendered":"<p>W dniu 07.06.2024 pracownicy Katedry Botaniki i Fizjologii Ro\u015blin odwiedzili Zesp\u00f3\u0142 Szk\u00f3\u0142 Og\u00f3lnokszta\u0142c\u0105cych nr 1 w \u015awidniku. Uczniom z klasy III o profilu biologiczno-chemicznym, ucz\u0119szczaj\u0105cych do II LO im. Krzysztofa Kamila Baczy\u0144skiego, zosta\u0142y zaprezentowane kierunki Wydzia\u0142u Biologii \u015arodowiskowej UP w Lublinie. Przedstawiono charakterystyk\u0119 poszczeg\u00f3lnych kierunk\u00f3w, om\u00f3wiono wybrane modu\u0142y realizowane na ww. kierunkach oraz poinformowano o kryteriach przyj\u0119\u0107 na I rok studi\u00f3w. Opr\u00f3cz oferty <em>stricte<\/em> dydaktycznej, uczniowie zostali zapoznani z infrastruktur\u0105 Uniwersytetu Przyrodniczego w Lublinie oraz mo\u017cliwo\u015bci\u0105 indywidualnego rozwoju pasji w ko\u0142ach naukowych, sekcjach sportowych lub na polu dzia\u0142alno\u015bci artystycznej (ch\u00f3r, zesp\u00f3\u0142 pie\u015bni i ta\u0144ca \u201eJawor\u201d). Uczestnikom spotkania zosta\u0142y wr\u0119czone ulotki promuj\u0105ce Wydzia\u0142 Biologii \u015arodowiskowej.<\/p>\n<p style=\"text-align: center;\"><img loading=\"lazy\" class=\"wp-image-170959 aligncenter\" src=\"https:\/\/up.lublin.pl\/srodowiskowa\/wp-content\/uploads\/sites\/5\/2024\/06\/20240607_120349-\u2014-kopia.jpg\" alt=\"\" width=\"849\" height=\"712\" \/><\/p>\n<p style=\"text-align: center;\"><img loading=\"lazy\" class=\"alignnone wp-image-170967\" src=\"https:\/\/up.lublin.pl\/srodowiskowa\/wp-content\/uploads\/sites\/5\/2024\/06\/20240607_120715.jpg\" alt=\"\" width=\"849\" height=\"637\" \/><\/p>\n<p>Po prezentacji oferty Wydzia\u0142u Biologii \u015arodowiskowej uczniowie uczestniczyli w warsztatach aromaterapii. Dowiedzieli si\u0119 jak powstaj\u0105 olejki eteryczne, z\u00a0kt\u00f3rej cz\u0119\u015bci ro\u015blin s\u0105 pozyskiwane i jakie gatunki dostarczaj\u0105 tego surowca. Zostali tak\u017ce poinformowani o znaczeniu poszczeg\u00f3lnych olejk\u00f3w i mo\u017cliwo\u015bci ich wykorzystania przy r\u00f3\u017cnych dolegliwo\u015bciach np. przezi\u0119bieniu. Ponadto, na wz\u00f3r pracy senselier\u00f3w, mieli mo\u017cliwo\u015b\u0107 osobistego do\u015bwiadczenia zapachu wybranych olejk\u00f3w eterycznych. Przez ca\u0142y czas trwania warsztat\u00f3w, w sali unosi\u0142 si\u0119 zapach geraniolu wydzielanego przez dyfuzor zapachowy, kt\u00f3ry opr\u00f3cz uwalniania aromatu r\u00f3wnie\u017c nawil\u017ca\u0142 powietrze. Pod koniec warsztat\u00f3w uczniowie uczestniczyli w konkursie rozpoznawania zapachu olejk\u00f3w a zwyci\u0119zcy zostali nagrodzeni nagrodami ksi\u0105\u017ckowymi.<\/p>\n<p>&nbsp;<\/p>\n<p style=\"text-align: center;\"><img loading=\"lazy\" class=\"alignnone wp-image-170975\" src=\"https:\/\/up.lublin.pl\/srodowiskowa\/wp-content\/uploads\/sites\/5\/2024\/06\/20240607_121531.jpg\" alt=\"\" width=\"849\" height=\"637\" \/><\/p>\n<p>&nbsp;<\/p>\n<p style=\"text-align: center;\"><img loading=\"lazy\" class=\"alignnone wp-image-170979\" src=\"https:\/\/up.lublin.pl\/srodowiskowa\/wp-content\/uploads\/sites\/5\/2024\/06\/1000004369.jpg\" alt=\"\" width=\"849\" height=\"637\" \/><\/p>\n<p>&nbsp;<\/p>\n<p style=\"text-align: center;\"><img loading=\"lazy\" class=\"alignnone wp-image-170983\" src=\"https:\/\/up.lublin.pl\/srodowiskowa\/wp-content\/uploads\/sites\/5\/2024\/06\/20240607_120747.jpg\" alt=\"\" width=\"849\" height=\"637\" \/><\/p>\n<p style=\"text-align: center;\"><img loading=\"lazy\" class=\"alignnone wp-image-170971\" src=\"https:\/\/up.lublin.pl\/srodowiskowa\/wp-content\/uploads\/sites\/5\/2024\/06\/20240607_120653.jpg\" alt=\"\" width=\"849\" height=\"637\" \/><\/p>\n","protected":false},"excerpt":{"rendered":"<p>W dniu 07.06.2024 pracownicy Katedry Botaniki i Fizjologii Ro\u015blin odwiedzili Zesp\u00f3\u0142 Szk\u00f3\u0142 Og\u00f3lnokszta\u0142c\u0105cych nr 1 w \u015awidniku. Uczniom z klasy III o profilu biologiczno-chemicznym, ucz\u0119szczaj\u0105cych do II LO im. Krzysztofa Kamila Baczy\u0144skiego, zosta\u0142y zaprezentowane kierunki Wydzia\u0142u Biologii \u015arodowiskowej UP w Lublinie. Przedstawiono charakterystyk\u0119 poszczeg\u00f3lnych kierunk\u00f3w, om\u00f3wiono wybrane modu\u0142y realizowane na ww. kierunkach oraz poinformowano o [&hellip;]<\/p>\n","protected":false},"author":201,"featured_media":171024,"comment_status":"closed","ping_status":"open","sticky":false,"template":"","format":"standard","meta":{"_monsterinsights_skip_tracking":false,"_monsterinsights_sitenote_active":false,"_monsterinsights_sitenote_note":"","_monsterinsights_sitenote_category":0},"categories":[24],"tags":[],"_links":{"self":[{"href":"https:\/\/up.lublin.pl\/srodowiskowa\/wp-json\/wp\/v2\/posts\/170958"}],"collection":[{"href":"https:\/\/up.lublin.pl\/srodowiskowa\/wp-json\/wp\/v2\/posts"}],"about":[{"href":"https:\/\/up.lublin.pl\/srodowiskowa\/wp-json\/wp\/v2\/types\/post"}],"author":[{"embeddable":true,"href":"https:\/\/up.lublin.pl\/srodowiskowa\/wp-json\/wp\/v2\/users\/201"}],"replies":[{"embeddable":true,"href":"https:\/\/up.lublin.pl\/srodowiskowa\/wp-json\/wp\/v2\/comments?post=170958"}],"version-history":[{"count":2,"href":"https:\/\/up.lublin.pl\/srodowiskowa\/wp-json\/wp\/v2\/posts\/170958\/revisions"}],"predecessor-version":[{"id":171028,"href":"https:\/\/up.lublin.pl\/srodowiskowa\/wp-json\/wp\/v2\/posts\/170958\/revisions\/171028"}],"wp:featuredmedia":[{"embeddable":true,"href":"https:\/\/up.lublin.pl\/srodowiskowa\/wp-json\/wp\/v2\/media\/171024"}],"wp:attachment":[{"href":"https:\/\/up.lublin.pl\/srodowiskowa\/wp-json\/wp\/v2\/media?parent=170958"}],"wp:term":[{"taxonomy":"category","embeddable":true,"href":"https:\/\/up.lublin.pl\/srodowiskowa\/wp-json\/wp\/v2\/categories?post=170958"},{"taxonomy":"post_tag","embeddable":true,"href":"https:\/\/up.lublin.pl\/srodowiskowa\/wp-json\/wp\/v2\/tags?post=170958"}],"curies":[{"name":"wp","href":"https:\/\/api.w.org\/{rel}","templated":true}]}}