{"id":169866,"date":"2024-06-13T14:23:18","date_gmt":"2024-06-13T12:23:18","guid":{"rendered":"https:\/\/up.lublin.pl\/srodowiskowa\/?p=169866"},"modified":"2024-06-18T11:57:49","modified_gmt":"2024-06-18T09:57:49","slug":"wizyta-profesora-alexandrosa-stefanakisa","status":"publish","type":"post","link":"https:\/\/up.lublin.pl\/srodowiskowa\/wizyta-profesora-alexandrosa-stefanakisa\/","title":{"rendered":"Wizyta profesora Alexandrosa Stefanakisa"},"content":{"rendered":"<p>W dniach <strong>3-7 czerwca 2024 roku<\/strong> w Szkole Doktorskiej UPL go\u015bci\u0142 profesor <strong>Alexandros Stefanakis<\/strong> reprezentuj\u0105cy Laboratory of Environmental Engineering &amp;\u00a0Management, School of Chemical and Environmental Engineering, Technical University of Crete, Kreta, Grecja. Go\u015b\u0107 przyjecha\u0142 dzi\u0119ki wsparciu finansowemu Gminy Lublin w ramach III edycji konkursu \u201e<strong>Visiting Professors in Lublin<\/strong>\u201d.<\/p>\n<p>&nbsp;<\/p>\n<p><img loading=\"lazy\" class=\"alignnone wp-image-169867\" src=\"https:\/\/up.lublin.pl\/srodowiskowa\/wp-content\/uploads\/sites\/5\/2024\/06\/1.jpg\" alt=\"\" width=\"720\" height=\"481\" \/><\/p>\n<p>Profesor Alexandros Stefanakis jest ekspertem ds. zr\u00f3wnowa\u017conej i zdecentralizowanej gospodarki<br \/>\nwodno-\u015bciekowej z ponad 15-letnim do\u015bwiadczeniem w badaniach, projektowaniu, budowie i dzia\u0142aniu eko-technologii. Jest autorem\/wsp\u00f3\u0142autorem 60 wdro\u017ce\u0144 na terenie Europy, Ameryki Po\u0142udniowej, na Bliskim Wschodzie, w Afryce i USA w zakresie oczyszczania \u015bciek\u00f3w komunalnych i r\u00f3\u017cnych typ\u00f3w \u015bciek\u00f3w przemys\u0142owych w oparciu o wykorzystanie zielonych technologii (Nature-based solutions).<\/p>\n<p>&nbsp;<\/p>\n<p>W ramach wizyty profesor Alexandros Stefanakis przeprowadzi\u0142 wyk\u0142ad skierowany do student\u00f3w kierunku Ochrona \u015arodowiska dotycz\u0105cy wykorzystania rozwi\u0105za\u0144 opartych na przyrodzie i zielonej infrastruktury<br \/>\nna rzecz obiegu zamkni\u0119tego wody.<br \/>\nPoza tym, studenci i pracownicy Wydzia\u0142u mieli okazje uczestniczy\u0107 w wyk\u0142adzie popularnonaukowym, og\u00f3lnodost\u0119pnym dla mieszka\u0144c\u00f3w Lublina pt. \u201eImproving the environmental conditions and well-being of citizens by using nature-based solutions in cities\u201d.<\/p>\n<p>&nbsp;<\/p>\n<p><img loading=\"lazy\" class=\"alignnone wp-image-169878\" src=\"https:\/\/up.lublin.pl\/srodowiskowa\/wp-content\/uploads\/sites\/5\/2024\/06\/2.jpg\" alt=\"\" width=\"720\" height=\"540\" \/><\/p>\n<p><img loading=\"lazy\" class=\"alignnone wp-image-169883\" src=\"https:\/\/up.lublin.pl\/srodowiskowa\/wp-content\/uploads\/sites\/5\/2024\/06\/4.jpg\" alt=\"\" width=\"720\" height=\"540\" \/><\/p>\n<p>Go\u015b\u0107 mia\u0142 tak\u017ce mo\u017cliwo\u015b\u0107 uczestnictwa w pracach naukowych prowadzonych w Katedrze Hydrobiologii<br \/>\ni Ochrony Ekosystem\u00f3w dotycz\u0105cych mo\u017cliwo\u015bci implementacji badanych przez niego rozwi\u0105za\u0144<br \/>\nw warunkach polskich.<\/p>\n<p>&nbsp;<\/p>\n<p><img loading=\"lazy\" class=\"alignnone wp-image-169907\" src=\"https:\/\/up.lublin.pl\/srodowiskowa\/wp-content\/uploads\/sites\/5\/2024\/06\/3.jpg\" alt=\"\" width=\"720\" height=\"540\" \/><\/p>\n<h4>Szczeg\u00f3\u0142y dotycz\u0105ce wizyty, w tym pe\u0142na dokumentacja fotograficzna:<\/h4>\n<p><strong>PL:<\/strong> <a href=\"https:\/\/up.lublin.pl\/blog\/dr-alexandros-stefanakis-profesor-wizytujacy\/\">https:\/\/up.lublin.pl\/blog\/dr-alexandros-stefanakis-profesor-wizytujacy\/<\/a><\/p>\n<p><strong>EN: <\/strong><a href=\"https:\/\/up.lublin.pl\/en\/blog\/phd-alexandros-stefanakis-visiting-professor\/\">https:\/\/up.lublin.pl\/en\/blog\/phd-alexandros-stefanakis-visiting-professor\/<\/a><\/p>\n<p>&nbsp;<\/p>\n<h4>Informacja o wizycie studyjnej go\u015bcia:<\/h4>\n<p><a href=\"https:\/\/kurierlubelski.pl\/z-pol-naftowych-w-omanie-nad-zalew-w-jastkowie-dr-alexandros-stefanakis-z-wizyta-w-naszym-miescie\/ar\/c7-18587755\">https:\/\/kurierlubelski.pl\/z-pol-naftowych-w-omanie-nad-zalew-w-jastkowie-dr-alexandros-stefanakis-z-wizyta-w-naszym-miescie\/ar\/c7-18587755<\/a><\/p>\n<p>&nbsp;<\/p>\n<p><img loading=\"lazy\" class=\"size-full wp-image-169902 aligncenter\" src=\"https:\/\/up.lublin.pl\/srodowiskowa\/wp-content\/uploads\/sites\/5\/2024\/06\/5.png\" alt=\"\" width=\"585\" height=\"139\" \/><\/p>\n<p>&nbsp;<\/p>\n","protected":false},"excerpt":{"rendered":"<p>W dniach 3-7 czerwca 2024 roku w Szkole Doktorskiej UPL go\u015bci\u0142 profesor Alexandros Stefanakis reprezentuj\u0105cy Laboratory of Environmental Engineering &amp;\u00a0Management, School of Chemical and Environmental Engineering, Technical University of Crete, Kreta, Grecja. Go\u015b\u0107 przyjecha\u0142 dzi\u0119ki wsparciu finansowemu Gminy Lublin w ramach III edycji konkursu \u201eVisiting Professors in Lublin\u201d. &nbsp; Profesor Alexandros Stefanakis jest ekspertem ds. [&hellip;]<\/p>\n","protected":false},"author":202,"featured_media":159515,"comment_status":"closed","ping_status":"open","sticky":false,"template":"","format":"standard","meta":{"_monsterinsights_skip_tracking":false,"_monsterinsights_sitenote_active":false,"_monsterinsights_sitenote_note":"","_monsterinsights_sitenote_category":0},"categories":[24],"tags":[],"_links":{"self":[{"href":"https:\/\/up.lublin.pl\/srodowiskowa\/wp-json\/wp\/v2\/posts\/169866"}],"collection":[{"href":"https:\/\/up.lublin.pl\/srodowiskowa\/wp-json\/wp\/v2\/posts"}],"about":[{"href":"https:\/\/up.lublin.pl\/srodowiskowa\/wp-json\/wp\/v2\/types\/post"}],"author":[{"embeddable":true,"href":"https:\/\/up.lublin.pl\/srodowiskowa\/wp-json\/wp\/v2\/users\/202"}],"replies":[{"embeddable":true,"href":"https:\/\/up.lublin.pl\/srodowiskowa\/wp-json\/wp\/v2\/comments?post=169866"}],"version-history":[{"count":29,"href":"https:\/\/up.lublin.pl\/srodowiskowa\/wp-json\/wp\/v2\/posts\/169866\/revisions"}],"predecessor-version":[{"id":169920,"href":"https:\/\/up.lublin.pl\/srodowiskowa\/wp-json\/wp\/v2\/posts\/169866\/revisions\/169920"}],"wp:featuredmedia":[{"embeddable":true,"href":"https:\/\/up.lublin.pl\/srodowiskowa\/wp-json\/wp\/v2\/media\/159515"}],"wp:attachment":[{"href":"https:\/\/up.lublin.pl\/srodowiskowa\/wp-json\/wp\/v2\/media?parent=169866"}],"wp:term":[{"taxonomy":"category","embeddable":true,"href":"https:\/\/up.lublin.pl\/srodowiskowa\/wp-json\/wp\/v2\/categories?post=169866"},{"taxonomy":"post_tag","embeddable":true,"href":"https:\/\/up.lublin.pl\/srodowiskowa\/wp-json\/wp\/v2\/tags?post=169866"}],"curies":[{"name":"wp","href":"https:\/\/api.w.org\/{rel}","templated":true}]}}