{"id":169328,"date":"2024-04-23T09:58:34","date_gmt":"2024-04-23T07:58:34","guid":{"rendered":"https:\/\/up.lublin.pl\/srodowiskowa\/?p=169328"},"modified":"2024-05-14T13:09:26","modified_gmt":"2024-05-14T11:09:26","slug":"zaproszenie-na-wyklad-prof-francisco-mondragao-rodrigues-24-04-2024r","status":"publish","type":"post","link":"https:\/\/up.lublin.pl\/srodowiskowa\/zaproszenie-na-wyklad-prof-francisco-mondragao-rodrigues-24-04-2024r\/","title":{"rendered":"Zaproszenie na wyk\u0142ad prof. Francisco Mondrag\u00e3o Rodrigues 24.04.2024r."},"content":{"rendered":"<p>Uprzejmie zapraszamy student\u00f3w i pracownik\u00f3w Wydzia\u0142u Biologii \u015arodowiskowej na wyk\u0142ad<\/p>\n<p><strong>prof. Francisco Mondrag\u00e3o Rodrigues<\/strong> z Departamento De Ci\u00eancias Agr\u00e1rias E Veterin\u00e1rias, Portalegre Polytechnic Universitv \u2022 Portugalii.<\/p>\n<p>&nbsp;<\/p>\n<p>Temat wvk\u0142adu: <strong>&#8220;Adaptation of Portuguese agriculture to climate change&#8221;<\/strong><\/p>\n<p>&nbsp;<\/p>\n<p>Spotkanie odb\u0119dzie si\u0119 w dniu <strong>24.04.2024r., Agro II, sala 104, godzina: 10.00-12.00<\/strong>.<\/p>\n","protected":false},"excerpt":{"rendered":"<p>Uprzejmie zapraszamy student\u00f3w i pracownik\u00f3w Wydzia\u0142u Biologii \u015arodowiskowej na wyk\u0142ad prof. Francisco Mondrag\u00e3o Rodrigues z Departamento De Ci\u00eancias Agr\u00e1rias E Veterin\u00e1rias, Portalegre Polytechnic Universitv \u2022 Portugalii. &nbsp; Temat wvk\u0142adu: &#8220;Adaptation of Portuguese agriculture to climate change&#8221; &nbsp; Spotkanie odb\u0119dzie si\u0119 w dniu 24.04.2024r., Agro II, sala 104, godzina: 10.00-12.00.<\/p>\n","protected":false},"author":201,"featured_media":169473,"comment_status":"closed","ping_status":"open","sticky":false,"template":"","format":"standard","meta":{"_monsterinsights_skip_tracking":false,"_monsterinsights_sitenote_active":false,"_monsterinsights_sitenote_note":"","_monsterinsights_sitenote_category":0},"categories":[24],"tags":[],"_links":{"self":[{"href":"https:\/\/up.lublin.pl\/srodowiskowa\/wp-json\/wp\/v2\/posts\/169328"}],"collection":[{"href":"https:\/\/up.lublin.pl\/srodowiskowa\/wp-json\/wp\/v2\/posts"}],"about":[{"href":"https:\/\/up.lublin.pl\/srodowiskowa\/wp-json\/wp\/v2\/types\/post"}],"author":[{"embeddable":true,"href":"https:\/\/up.lublin.pl\/srodowiskowa\/wp-json\/wp\/v2\/users\/201"}],"replies":[{"embeddable":true,"href":"https:\/\/up.lublin.pl\/srodowiskowa\/wp-json\/wp\/v2\/comments?post=169328"}],"version-history":[{"count":2,"href":"https:\/\/up.lublin.pl\/srodowiskowa\/wp-json\/wp\/v2\/posts\/169328\/revisions"}],"predecessor-version":[{"id":169330,"href":"https:\/\/up.lublin.pl\/srodowiskowa\/wp-json\/wp\/v2\/posts\/169328\/revisions\/169330"}],"wp:featuredmedia":[{"embeddable":true,"href":"https:\/\/up.lublin.pl\/srodowiskowa\/wp-json\/wp\/v2\/media\/169473"}],"wp:attachment":[{"href":"https:\/\/up.lublin.pl\/srodowiskowa\/wp-json\/wp\/v2\/media?parent=169328"}],"wp:term":[{"taxonomy":"category","embeddable":true,"href":"https:\/\/up.lublin.pl\/srodowiskowa\/wp-json\/wp\/v2\/categories?post=169328"},{"taxonomy":"post_tag","embeddable":true,"href":"https:\/\/up.lublin.pl\/srodowiskowa\/wp-json\/wp\/v2\/tags?post=169328"}],"curies":[{"name":"wp","href":"https:\/\/api.w.org\/{rel}","templated":true}]}}