{"id":169303,"date":"2024-04-23T07:48:56","date_gmt":"2024-04-23T05:48:56","guid":{"rendered":"https:\/\/up.lublin.pl\/srodowiskowa\/?p=169303"},"modified":"2024-04-23T08:05:16","modified_gmt":"2024-04-23T06:05:16","slug":"sukces-studentow-wydzialu-biologii-srodowiskowej-na-v-miedzynarodowym-sympozjum-studenckich-kol-naukowych","status":"publish","type":"post","link":"https:\/\/up.lublin.pl\/srodowiskowa\/sukces-studentow-wydzialu-biologii-srodowiskowej-na-v-miedzynarodowym-sympozjum-studenckich-kol-naukowych\/","title":{"rendered":"Sukces student\u00f3w Wydzia\u0142u Biologii \u015arodowiskowej na V Mi\u0119dzynarodowym Sympozjum Studenckich K\u00f3\u0142 Naukowych"},"content":{"rendered":"<p style=\"text-align: left\"><strong>W dniu 18.04.2024 odby\u0142o si\u0119 V Mi\u0119dzynarodowe Sympozjum Studenckich K\u00f3\u0142 Naukowych. <\/strong><\/p>\n<p style=\"text-align: left\"><strong>Wyst\u0105pienia okaza\u0142y si\u0119 ogromnym sukcesem student\u00f3w Wydzia\u0142u Biologii \u015arodowiskowej uczestnicz\u0105cych w obradach Sekcji Biologii \u015arodowiskowej.<\/strong><\/p>\n<p>&nbsp;<\/p>\n<p style=\"text-align: left\">Otrzymali oni szereg nagr\u00f3d i wyr\u00f3\u017cnie\u0144.<\/p>\n<p>&nbsp;<\/p>\n<p style=\"text-align: left\">Sesja referatowa:<\/p>\n<p style=\"text-align: left\">I miejsce: <strong>Aleksandra Zi\u00f3\u0142ek<\/strong><br \/>\nII miejsce: <strong>Mateusz Piejak<\/strong><\/p>\n<p>&nbsp;<\/p>\n<p style=\"text-align: left\">Wyr\u00f3\u017cnienie za najlepiej wyg\u0142oszon\u0105 prac\u0119 otrzyma\u0142a <strong>Anna Grybo\u015b<\/strong><\/p>\n<p>&nbsp;<\/p>\n<p style=\"text-align: left\">Sesja posterowa:<br \/>\nI miejsce: <strong>Julia Nowosad<\/strong> i <strong>Julia Tomasik<\/strong><\/p>\n<p>&nbsp;<\/p>\n<p>&nbsp;<\/p>\n<p style=\"text-align: left\"><strong>W konkursie ocenianym przez Polskie Towarzystwo Zoologiczne:<\/strong><\/p>\n<p>&nbsp;<\/p>\n<p style=\"text-align: left\">W SESJI REFERATOWEJ<br \/>\nI miejsce: <strong>Mateusz Piejak<\/strong><\/p>\n<p>&nbsp;<\/p>\n<p style=\"text-align: left\">Wyr\u00f3\u017cnienie za najlepiej wyg\u0142oszon\u0105 prac\u0119 przyznano <strong>Annie Grybo\u015b<\/strong><\/p>\n<p>&nbsp;<\/p>\n<p style=\"text-align: left\">Wyr\u00f3\u017cnienie za najlepiej przygotowan\u0105 prezentacj\u0119 otrzyma\u0142a <strong>Aleksandra Zi\u00f3\u0142ek<\/strong><\/p>\n<p>&nbsp;<\/p>\n<p style=\"text-align: left\">SESJA POSTEROWA<\/p>\n<p style=\"text-align: left\">I miejsce: <strong>Julia Tomasik, Julia Nowosad<br \/>\n<\/strong>II miejsce: <strong>Anna Grybo\u015b, Julia G\u00f3rska<\/strong><\/p>\n<p>&nbsp;<\/p>\n<p>&nbsp;<\/p>\n<p style=\"text-align: left\">Serdecznie gratulujemy!!!<\/p>\n","protected":false},"excerpt":{"rendered":"<p>W dniu 18.04.2024 odby\u0142o si\u0119 V Mi\u0119dzynarodowe Sympozjum Studenckich K\u00f3\u0142 Naukowych. Wyst\u0105pienia okaza\u0142y si\u0119 ogromnym sukcesem student\u00f3w Wydzia\u0142u Biologii \u015arodowiskowej uczestnicz\u0105cych w obradach Sekcji Biologii \u015arodowiskowej. &nbsp; Otrzymali oni szereg nagr\u00f3d i wyr\u00f3\u017cnie\u0144. &nbsp; Sesja referatowa: I miejsce: Aleksandra Zi\u00f3\u0142ek II miejsce: Mateusz Piejak &nbsp; Wyr\u00f3\u017cnienie za najlepiej wyg\u0142oszon\u0105 prac\u0119 otrzyma\u0142a Anna Grybo\u015b &nbsp; Sesja [&hellip;]<\/p>\n","protected":false},"author":202,"featured_media":169320,"comment_status":"closed","ping_status":"open","sticky":false,"template":"","format":"standard","meta":{"_monsterinsights_skip_tracking":false,"_monsterinsights_sitenote_active":false,"_monsterinsights_sitenote_note":"","_monsterinsights_sitenote_category":0},"categories":[24],"tags":[],"_links":{"self":[{"href":"https:\/\/up.lublin.pl\/srodowiskowa\/wp-json\/wp\/v2\/posts\/169303"}],"collection":[{"href":"https:\/\/up.lublin.pl\/srodowiskowa\/wp-json\/wp\/v2\/posts"}],"about":[{"href":"https:\/\/up.lublin.pl\/srodowiskowa\/wp-json\/wp\/v2\/types\/post"}],"author":[{"embeddable":true,"href":"https:\/\/up.lublin.pl\/srodowiskowa\/wp-json\/wp\/v2\/users\/202"}],"replies":[{"embeddable":true,"href":"https:\/\/up.lublin.pl\/srodowiskowa\/wp-json\/wp\/v2\/comments?post=169303"}],"version-history":[{"count":19,"href":"https:\/\/up.lublin.pl\/srodowiskowa\/wp-json\/wp\/v2\/posts\/169303\/revisions"}],"predecessor-version":[{"id":169326,"href":"https:\/\/up.lublin.pl\/srodowiskowa\/wp-json\/wp\/v2\/posts\/169303\/revisions\/169326"}],"wp:featuredmedia":[{"embeddable":true,"href":"https:\/\/up.lublin.pl\/srodowiskowa\/wp-json\/wp\/v2\/media\/169320"}],"wp:attachment":[{"href":"https:\/\/up.lublin.pl\/srodowiskowa\/wp-json\/wp\/v2\/media?parent=169303"}],"wp:term":[{"taxonomy":"category","embeddable":true,"href":"https:\/\/up.lublin.pl\/srodowiskowa\/wp-json\/wp\/v2\/categories?post=169303"},{"taxonomy":"post_tag","embeddable":true,"href":"https:\/\/up.lublin.pl\/srodowiskowa\/wp-json\/wp\/v2\/tags?post=169303"}],"curies":[{"name":"wp","href":"https:\/\/api.w.org\/{rel}","templated":true}]}}