{"id":168098,"date":"2024-03-19T12:56:00","date_gmt":"2024-03-19T11:56:00","guid":{"rendered":"https:\/\/up.lublin.pl\/srodowiskowa\/?p=168098"},"modified":"2024-04-04T12:27:46","modified_gmt":"2024-04-04T10:27:46","slug":"sukces-reprezentantow-wydzialu-biologii-srodowiskowej-w-konkursie-drive-innovation-rozwiazania-dla-zrownowazonego-rozwoju","status":"publish","type":"post","link":"https:\/\/up.lublin.pl\/srodowiskowa\/sukces-reprezentantow-wydzialu-biologii-srodowiskowej-w-konkursie-drive-innovation-rozwiazania-dla-zrownowazonego-rozwoju\/","title":{"rendered":"Sukces reprezentant\u00f3w Wydzia\u0142u Biologii \u015arodowiskowej w konkursie \u201eDrive Innovation \u2013 Rozwi\u0105zania dla zr\u00f3wnowa\u017conego rozwoju\u201d"},"content":{"rendered":"<p>Z rado\u015bci\u0105 informujemy, \u017ce reprezentanci Wydzia\u0142u Biologii \u015arodowiskowej zdobyli trzecie miejsce w presti\u017cowym konkursie Drive Innovation, kt\u00f3ry koncentruje si\u0119 na tworzeniu innowacyjnych rozwi\u0105za\u0144 dla zr\u00f3wnowa\u017conego rozwoju.<\/p>\n<p>&nbsp;<\/p>\n<p>14. marca 2024 r. w Warszawie odby\u0142 si\u0119 fina\u0142 2. edycji konkursu \u201eDrive Innovation \u2013 rozwi\u0105zania dla zr\u00f3wnowa\u017conego rozwoju\u201d zorganizowanego przez firm\u0119 BASF. Zesp\u00f3\u0142 z Wydzia\u0142u Biologii \u015arodowiskowej, w sk\u0142ad kt\u00f3rego weszli mgr in\u017c. Micha\u0142 Arciszewski (doktorant w Katedrze Hydrobiologii i Ochrony Ekosystem\u00f3w) oraz in\u017c. Mateusz Piejak (student I roku studi\u00f3w II stopnia &#8211; kierunek Ochrona \u015brodowiska) zaprezentowa\u0142 projekt dotycz\u0105cy p\u00f3\u0142precyzyjnego systemu uprawy z zastosowaniem dron\u00f3w. Innowacyjne podej\u015bcie dotycz\u0105ce tworzenia proekologicznych rozwi\u0105za\u0144 zasta\u0142o docenione przez jury i nagrodzone miejscem na podium.<\/p>\n<p>&nbsp;<\/p>\n<p><img loading=\"lazy\" class=\"wp-image-168103 alignnone\" src=\"https:\/\/up.lublin.pl\/srodowiskowa\/wp-content\/uploads\/sites\/5\/2024\/03\/DSC01000..jpg\" alt=\"\" width=\"669\" height=\"444\" \/><\/p>\n<p>Sukces naszych reprezentant\u00f3w podkre\u015bla istotno\u015b\u0107 tworzenia innowacyjnych rozwi\u0105za\u0144 dla zr\u00f3wnowa\u017conego rozwoju, kt\u00f3re s\u0105 kluczowe dla ochrony \u015brodowiska. Ich wysi\u0142ek stanowi inspiracj\u0119 dla nas wszystkich, aby kontynuowa\u0107 prace nad kreatywnymi, ekologicznymi rozwi\u0105zaniami, kt\u00f3re b\u0119d\u0105 przyczynia\u0107 si\u0119 do budowy lepszego i bardziej zr\u00f3wnowa\u017conego \u015bwiata dla przysz\u0142ych pokole\u0144.<\/p>\n<p>&nbsp;<\/p>\n<p><img loading=\"lazy\" class=\"alignnone wp-image-168099\" src=\"https:\/\/up.lublin.pl\/srodowiskowa\/wp-content\/uploads\/sites\/5\/2024\/03\/DSC00975..jpg\" alt=\"\" width=\"673\" height=\"1010\" \/><\/p>\n<p>&nbsp;<\/p>\n","protected":false},"excerpt":{"rendered":"<p>Z rado\u015bci\u0105 informujemy, \u017ce reprezentanci Wydzia\u0142u Biologii \u015arodowiskowej zdobyli trzecie miejsce w presti\u017cowym konkursie Drive Innovation, kt\u00f3ry koncentruje si\u0119 na tworzeniu innowacyjnych rozwi\u0105za\u0144 dla zr\u00f3wnowa\u017conego rozwoju. &nbsp; 14. marca 2024 r. w Warszawie odby\u0142 si\u0119 fina\u0142 2. edycji konkursu \u201eDrive Innovation \u2013 rozwi\u0105zania dla zr\u00f3wnowa\u017conego rozwoju\u201d zorganizowanego przez firm\u0119 BASF. Zesp\u00f3\u0142 z Wydzia\u0142u Biologii \u015arodowiskowej, [&hellip;]<\/p>\n","protected":false},"author":202,"featured_media":168952,"comment_status":"closed","ping_status":"open","sticky":false,"template":"","format":"standard","meta":{"_monsterinsights_skip_tracking":false,"_monsterinsights_sitenote_active":false,"_monsterinsights_sitenote_note":"","_monsterinsights_sitenote_category":0},"categories":[24],"tags":[],"_links":{"self":[{"href":"https:\/\/up.lublin.pl\/srodowiskowa\/wp-json\/wp\/v2\/posts\/168098"}],"collection":[{"href":"https:\/\/up.lublin.pl\/srodowiskowa\/wp-json\/wp\/v2\/posts"}],"about":[{"href":"https:\/\/up.lublin.pl\/srodowiskowa\/wp-json\/wp\/v2\/types\/post"}],"author":[{"embeddable":true,"href":"https:\/\/up.lublin.pl\/srodowiskowa\/wp-json\/wp\/v2\/users\/202"}],"replies":[{"embeddable":true,"href":"https:\/\/up.lublin.pl\/srodowiskowa\/wp-json\/wp\/v2\/comments?post=168098"}],"version-history":[{"count":12,"href":"https:\/\/up.lublin.pl\/srodowiskowa\/wp-json\/wp\/v2\/posts\/168098\/revisions"}],"predecessor-version":[{"id":168956,"href":"https:\/\/up.lublin.pl\/srodowiskowa\/wp-json\/wp\/v2\/posts\/168098\/revisions\/168956"}],"wp:featuredmedia":[{"embeddable":true,"href":"https:\/\/up.lublin.pl\/srodowiskowa\/wp-json\/wp\/v2\/media\/168952"}],"wp:attachment":[{"href":"https:\/\/up.lublin.pl\/srodowiskowa\/wp-json\/wp\/v2\/media?parent=168098"}],"wp:term":[{"taxonomy":"category","embeddable":true,"href":"https:\/\/up.lublin.pl\/srodowiskowa\/wp-json\/wp\/v2\/categories?post=168098"},{"taxonomy":"post_tag","embeddable":true,"href":"https:\/\/up.lublin.pl\/srodowiskowa\/wp-json\/wp\/v2\/tags?post=168098"}],"curies":[{"name":"wp","href":"https:\/\/api.w.org\/{rel}","templated":true}]}}