{"id":167918,"date":"2024-03-04T14:22:36","date_gmt":"2024-03-04T13:22:36","guid":{"rendered":"https:\/\/up.lublin.pl\/srodowiskowa\/?p=167918"},"modified":"2024-04-04T11:41:08","modified_gmt":"2024-04-04T09:41:08","slug":"cykl-warsztatow-dedykowanych-dla-szkol-srednich","status":"publish","type":"post","link":"https:\/\/up.lublin.pl\/srodowiskowa\/cykl-warsztatow-dedykowanych-dla-szkol-srednich\/","title":{"rendered":"Cykl warsztat\u00f3w dedykowanych dla szk\u00f3\u0142 \u015brednich"},"content":{"rendered":"<p>Ten rok rozpoczeli\u015bmy od cyklu warsztat\u00f3w w szko\u0142ach \u015brednich. \u0106wiczenia dla m\u0142odzie\u017cy prowadzone s\u0105 w formie laboratoryjnej, na \u017cywych pr\u00f3bach makrofauny bezkr\u0119gowej oraz flory wodnej charakterystycznej dla rzek i ma\u0142ych zbiornik\u00f3w. Podczas zaj\u0119\u0107 uczniowie mog\u0105 pozna\u0107 podstawowe zasady oznacze\u0144 taksonomicznych wybranych gatunk\u00f3w zwierz\u0105t i ro\u015blin pochodz\u0105cych z pr\u00f3b hydrobiologicznych rzeki Bystrzyca. Ponadto przedstawiona zostaje oferta edukacyjna Wydzia\u0142u Biologii \u015arodowiskowej UP w Lublinie.<\/p>\n<p>&nbsp;<\/p>\n<p>Zaj\u0119cia prowadzone s\u0105 przez pracownik\u00f3w wydzia\u0142u Biologii \u015arodowiskowej Uniwersytetu Przyrodniczego w Lublinie: dr Wojciecha P\u0142ask\u0119 oraz mgr Aleksandr\u0119 Bartkowsk\u0105. Towarzysz\u0105 im studenci ze Studenckiego Ko\u0142a Hydrobiologii i Ochrony \u015arodowiska.<\/p>\n<p>&nbsp;<\/p>\n<p>Przed nami warsztaty w kolejnych szko\u0142ach \u015brednich.<\/p>\n<p>&nbsp;<\/p>\n<p><img loading=\"lazy\" class=\"alignnone wp-image-167930\" src=\"https:\/\/up.lublin.pl\/srodowiskowa\/wp-content\/uploads\/sites\/5\/2024\/03\/Projekt-bez-nazwy.png\" alt=\"\" width=\"738\" height=\"1107\" \/> <img loading=\"lazy\" class=\"alignnone wp-image-167934\" src=\"https:\/\/up.lublin.pl\/srodowiskowa\/wp-content\/uploads\/sites\/5\/2024\/03\/zdj.4.jpg\" alt=\"\" width=\"741\" height=\"988\" \/><\/p>\n","protected":false},"excerpt":{"rendered":"<p>Ten rok rozpoczeli\u015bmy od cyklu warsztat\u00f3w w szko\u0142ach \u015brednich. \u0106wiczenia dla m\u0142odzie\u017cy prowadzone s\u0105 w formie laboratoryjnej, na \u017cywych pr\u00f3bach makrofauny bezkr\u0119gowej oraz flory wodnej charakterystycznej dla rzek i ma\u0142ych zbiornik\u00f3w. Podczas zaj\u0119\u0107 uczniowie mog\u0105 pozna\u0107 podstawowe zasady oznacze\u0144 taksonomicznych wybranych gatunk\u00f3w zwierz\u0105t i ro\u015blin pochodz\u0105cych z pr\u00f3b hydrobiologicznych rzeki Bystrzyca. Ponadto przedstawiona zostaje oferta [&hellip;]<\/p>\n","protected":false},"author":202,"featured_media":168947,"comment_status":"closed","ping_status":"open","sticky":false,"template":"","format":"standard","meta":{"_monsterinsights_skip_tracking":false,"_monsterinsights_sitenote_active":false,"_monsterinsights_sitenote_note":"","_monsterinsights_sitenote_category":0},"categories":[24],"tags":[],"_links":{"self":[{"href":"https:\/\/up.lublin.pl\/srodowiskowa\/wp-json\/wp\/v2\/posts\/167918"}],"collection":[{"href":"https:\/\/up.lublin.pl\/srodowiskowa\/wp-json\/wp\/v2\/posts"}],"about":[{"href":"https:\/\/up.lublin.pl\/srodowiskowa\/wp-json\/wp\/v2\/types\/post"}],"author":[{"embeddable":true,"href":"https:\/\/up.lublin.pl\/srodowiskowa\/wp-json\/wp\/v2\/users\/202"}],"replies":[{"embeddable":true,"href":"https:\/\/up.lublin.pl\/srodowiskowa\/wp-json\/wp\/v2\/comments?post=167918"}],"version-history":[{"count":8,"href":"https:\/\/up.lublin.pl\/srodowiskowa\/wp-json\/wp\/v2\/posts\/167918\/revisions"}],"predecessor-version":[{"id":168951,"href":"https:\/\/up.lublin.pl\/srodowiskowa\/wp-json\/wp\/v2\/posts\/167918\/revisions\/168951"}],"wp:featuredmedia":[{"embeddable":true,"href":"https:\/\/up.lublin.pl\/srodowiskowa\/wp-json\/wp\/v2\/media\/168947"}],"wp:attachment":[{"href":"https:\/\/up.lublin.pl\/srodowiskowa\/wp-json\/wp\/v2\/media?parent=167918"}],"wp:term":[{"taxonomy":"category","embeddable":true,"href":"https:\/\/up.lublin.pl\/srodowiskowa\/wp-json\/wp\/v2\/categories?post=167918"},{"taxonomy":"post_tag","embeddable":true,"href":"https:\/\/up.lublin.pl\/srodowiskowa\/wp-json\/wp\/v2\/tags?post=167918"}],"curies":[{"name":"wp","href":"https:\/\/api.w.org\/{rel}","templated":true}]}}