{"id":159327,"date":"2023-10-20T09:32:34","date_gmt":"2023-10-20T07:32:34","guid":{"rendered":"https:\/\/up.lublin.pl\/srodowiskowa\/?p=159327"},"modified":"2023-10-20T09:32:57","modified_gmt":"2023-10-20T07:32:57","slug":"wyjazd-szkoleniowy-studentow-kierunkow-ochrona-srodowiska-oraz-biologia-wydzial-biologii-srodowiskowej-do-poleskiego-parku-narodowego-finansowany-w-ramach-funduszy-europejskich-zintegrowany","status":"publish","type":"post","link":"https:\/\/up.lublin.pl\/srodowiskowa\/wyjazd-szkoleniowy-studentow-kierunkow-ochrona-srodowiska-oraz-biologia-wydzial-biologii-srodowiskowej-do-poleskiego-parku-narodowego-finansowany-w-ramach-funduszy-europejskich-zintegrowany\/","title":{"rendered":"Wyjazd szkoleniowy student\u00f3w kierunk\u00f3w Ochrona \u015arodowiska oraz Biologia (Wydzia\u0142 Biologii \u015arodowiskowej) do Poleskiego Parku Narodowego finansowany w ramach funduszy europejskich \u201eZintegrowany Program Rozwoju Uniwersytetu Przyrodniczego w Lublinie\u201d nr  POWR.03.05.00-00-Z232\/17"},"content":{"rendered":"<p>Dzi\u0119ki realizacji programu rozwoju kompetencji spo\u0142ecznych w ramach projektu \u201eZintegrowany Program Rozwoju Uniwersytetu Przyrodniczego w Lublinie\u201d studenci I i II stopnia kierunku Ochrona \u015arodowiska oraz kierunku Biologia wzi\u0119li udzia\u0142 w zaj\u0119ciach, kt\u00f3re odby\u0142y si\u0119 18 i 19 pa\u017adziernika 2023 r. w Poleskim Parku Narodowym. Jest to park o charakterze wodno-torfowiskowym, obj\u0119ty zar\u00f3wno konwencj\u0105 o ochronie obszar\u00f3w wodno-b\u0142otnych RAMSAR, jak i stanowi\u0105cy cz\u0119\u015b\u0107 Mi\u0119dzynarodowego Rezerwatu Biosfery \u201ePolesie Zachodnie\u201d.<\/p>\n<p>G\u0142\u00f3wnym celem programu jest rozszerzenie praktycznych umiej\u0119tno\u015bci student\u00f3w w zakresie bada\u0144 terenowych r\u00f3\u017cnych typ\u00f3w ekosystem\u00f3w w obszarach chronionych.<\/p>\n<p>Uczestnicy wyjazdu poznali zasady ochrony populacji \u017c\u00f3\u0142wia b\u0142otnego (metody reintrodukcji i monitoringu populacji) oraz dzia\u0142alno\u015b\u0107 O\u015brodka Ochrony \u017b\u00f3\u0142wia B\u0142otnego dzia\u0142aj\u0105cego w strukturze Poleskiego Parku Narodowego. Odwiedzili tak\u017ce O\u015brodek Edukacyjno-Muzealny Poleskiego Parku Narodowego. Kolejny blok zaj\u0119\u0107 obejmowa\u0142 funkcjonowanie i ochron\u0119 ekosystem\u00f3w torfowiskowych PPN. W rejonie torfowiska przy jeziorze Moszne studenci analizowali warunki hydrologiczne, sk\u0142ad gatunkowy ro\u015blinno\u015bci torfowiskowej, aktywnie uczestniczyli w reintrodukcji wierzby lapo\u0144skiej, poznali tak\u017ce metody renaturalizacji torfowisk wysokich i przej\u015bciowych.<\/p>\n<p>Drugi dzie\u0144 zaj\u0119\u0107 po\u015bwi\u0119cony by\u0142 funkcjonowaniu torfowisk w\u0119glanowych. S\u0105 to niezwykle rzadkie i cenne ekosystemy w skali Europy i \u015bwiata, a kilkugodzinna w\u0119dr\u00f3wka \u015bcie\u017ck\u0105 dydaktyczn\u0105 \u201eCzahary\u201d przez Bagno Bubn\u00f3w stworzy\u0142a doskona\u0142\u0105 mo\u017cliwo\u015b\u0107 poznania tego niezwyk\u0142ego ekosystemu. Studenci mieli okazj\u0119 pozna\u0107 siedlisko niezwyk\u0142ego mieszka\u0144ca Polesia &#8211; wodniczki. Ten niepozorny ptak z rodziny trzciniak\u00f3w jest najmniejszym migruj\u0105cym ptakiem Europy. Na Bagnie Bubn\u00f3w wyst\u0119puj\u0105 r\u00f3wnie\u017c najwi\u0119ksze koncentracje \u017curawi w regionie. Ptaki te znajduj\u0105 si\u0119 zar\u00f3wno w logo Wydzia\u0142u Biologii \u015arodowiskowej jak i PPN i od lat bardzo licznie wyst\u0119puj\u0105 w\u0142a\u015bnie na tym torfowisku. Studenci poznali tak\u017ce zespo\u0142y ro\u015blin charakterystycznych dla torfowisk w\u0119glanowych oraz przeanalizowali sposoby renaturalizacji torfowisk niskich.<\/p>\n<p>Po raz kolejny pogoda nas rozpieszcza\u0142a i wp\u0142ywa\u0142a na pozytywne nastawienie uczestnik\u00f3w. Raz jeszcze przekonali\u015bmy si\u0119, \u017ce autentyczne poznawanie \u015bwiata przyrody mo\u017cliwe jest przede wszystkim w terenie, tam gdzie mo\u017cna dotkn\u0105\u0107 ro\u015blin\u0119, zmierzy\u0107 parametry siedliska, wej\u015b\u0107 na torfowisko (czasami do kolan zanurzaj\u0105c si\u0119 w wodzie) i zrozumie\u0107 fascynuj\u0105cy \u015bwiat przyrody.<img loading=\"lazy\" class=\"alignnone wp-image-159332\" src=\"https:\/\/up.lublin.pl\/srodowiskowa\/wp-content\/uploads\/sites\/5\/2023\/10\/IMG-20231019-WA0034.jpg\" alt=\"\" width=\"665\" height=\"499\" \/><img loading=\"lazy\" class=\"alignnone wp-image-159338\" src=\"https:\/\/up.lublin.pl\/srodowiskowa\/wp-content\/uploads\/sites\/5\/2023\/10\/IMG-20231019-WA0049.jpg\" alt=\"\" width=\"663\" height=\"884\" \/><img loading=\"lazy\" class=\"alignnone wp-image-159342\" src=\"https:\/\/up.lublin.pl\/srodowiskowa\/wp-content\/uploads\/sites\/5\/2023\/10\/IMG-20231019-WA0008.jpg\" alt=\"\" width=\"661\" height=\"881\" \/> <img loading=\"lazy\" class=\"alignnone wp-image-159346\" src=\"https:\/\/up.lublin.pl\/srodowiskowa\/wp-content\/uploads\/sites\/5\/2023\/10\/IMG-20231019-WA0041.jpg\" alt=\"\" width=\"660\" height=\"495\" \/> <img loading=\"lazy\" class=\"alignnone wp-image-159350\" src=\"https:\/\/up.lublin.pl\/srodowiskowa\/wp-content\/uploads\/sites\/5\/2023\/10\/IMG-20231019-WA0067.jpg\" alt=\"\" width=\"661\" height=\"881\" \/><\/p>\n","protected":false},"excerpt":{"rendered":"<p>Dzi\u0119ki realizacji programu rozwoju kompetencji spo\u0142ecznych w ramach projektu \u201eZintegrowany Program Rozwoju Uniwersytetu Przyrodniczego w Lublinie\u201d studenci I i II stopnia kierunku Ochrona \u015arodowiska oraz kierunku Biologia wzi\u0119li udzia\u0142 w zaj\u0119ciach, kt\u00f3re odby\u0142y si\u0119 18 i 19 pa\u017adziernika 2023 r. w Poleskim Parku Narodowym. Jest to park o charakterze wodno-torfowiskowym, obj\u0119ty zar\u00f3wno konwencj\u0105 o ochronie [&hellip;]<\/p>\n","protected":false},"author":202,"featured_media":159332,"comment_status":"closed","ping_status":"open","sticky":false,"template":"","format":"standard","meta":{"_monsterinsights_skip_tracking":false,"_monsterinsights_sitenote_active":false,"_monsterinsights_sitenote_note":"","_monsterinsights_sitenote_category":0},"categories":[24],"tags":[],"_links":{"self":[{"href":"https:\/\/up.lublin.pl\/srodowiskowa\/wp-json\/wp\/v2\/posts\/159327"}],"collection":[{"href":"https:\/\/up.lublin.pl\/srodowiskowa\/wp-json\/wp\/v2\/posts"}],"about":[{"href":"https:\/\/up.lublin.pl\/srodowiskowa\/wp-json\/wp\/v2\/types\/post"}],"author":[{"embeddable":true,"href":"https:\/\/up.lublin.pl\/srodowiskowa\/wp-json\/wp\/v2\/users\/202"}],"replies":[{"embeddable":true,"href":"https:\/\/up.lublin.pl\/srodowiskowa\/wp-json\/wp\/v2\/comments?post=159327"}],"version-history":[{"count":3,"href":"https:\/\/up.lublin.pl\/srodowiskowa\/wp-json\/wp\/v2\/posts\/159327\/revisions"}],"predecessor-version":[{"id":159354,"href":"https:\/\/up.lublin.pl\/srodowiskowa\/wp-json\/wp\/v2\/posts\/159327\/revisions\/159354"}],"wp:featuredmedia":[{"embeddable":true,"href":"https:\/\/up.lublin.pl\/srodowiskowa\/wp-json\/wp\/v2\/media\/159332"}],"wp:attachment":[{"href":"https:\/\/up.lublin.pl\/srodowiskowa\/wp-json\/wp\/v2\/media?parent=159327"}],"wp:term":[{"taxonomy":"category","embeddable":true,"href":"https:\/\/up.lublin.pl\/srodowiskowa\/wp-json\/wp\/v2\/categories?post=159327"},{"taxonomy":"post_tag","embeddable":true,"href":"https:\/\/up.lublin.pl\/srodowiskowa\/wp-json\/wp\/v2\/tags?post=159327"}],"curies":[{"name":"wp","href":"https:\/\/api.w.org\/{rel}","templated":true}]}}