{"id":156907,"date":"2023-09-18T13:23:58","date_gmt":"2023-09-18T11:23:58","guid":{"rendered":"https:\/\/up.lublin.pl\/srodowiskowa\/?p=156907"},"modified":"2023-10-23T12:32:46","modified_gmt":"2023-10-23T10:32:46","slug":"biokosmetologia-z-pozytywna-ocena-panstwowej-komisji-akredytacyjnej","status":"publish","type":"post","link":"https:\/\/up.lublin.pl\/srodowiskowa\/biokosmetologia-z-pozytywna-ocena-panstwowej-komisji-akredytacyjnej\/","title":{"rendered":"Biokosmetologia z pozytywn\u0105 ocen\u0105 Pa\u0144stwowej Komisji Akredytacyjnej"},"content":{"rendered":"\t\t<div data-elementor-type=\"wp-post\" data-elementor-id=\"156907\" class=\"elementor elementor-156907\" data-elementor-settings=\"[]\">\n\t\t\t\t\t\t<div class=\"elementor-inner\">\n\t\t\t\t\t\t\t<div class=\"elementor-section-wrap\">\n\t\t\t\t\t\t\t<section class=\"elementor-section elementor-top-section elementor-element elementor-element-7c4e7bc elementor-section-boxed elementor-section-height-default elementor-section-height-default\" data-id=\"7c4e7bc\" data-element_type=\"section\">\n\t\t\t\t\t\t<div class=\"elementor-container elementor-column-gap-default\">\n\t\t\t\t\t\t\t<div class=\"elementor-row\">\n\t\t\t\t\t<div class=\"elementor-column elementor-col-100 elementor-top-column elementor-element elementor-element-eb68a9a\" data-id=\"eb68a9a\" data-element_type=\"column\">\n\t\t\t<div class=\"elementor-column-wrap elementor-element-populated\">\n\t\t\t\t\t\t\t<div class=\"elementor-widget-wrap\">\n\t\t\t\t\t\t<div class=\"elementor-element elementor-element-38fd215 elementor-widget elementor-widget-m5c\" data-id=\"38fd215\" data-element_type=\"widget\" data-widget_type=\"m5c.default\">\n\t\t\t\t<div class=\"elementor-widget-container\">\n\t\t\t<section class=\"mn-m5-c mn-m5-d2 mn-bg-white\">\n\t<div class=\"mn-grid\">\n\t\t\t\t<div class=\"mn-content mn-grid-9\">\n\t\t\t                <div class=\"mn-content-block active\">\n\t                                                        <div class=\"block-text\">\n\t                                        <p class=\"mcntMsoNormal\">Uchwa\u0142\u0105 z\u00a0dnia 7 wrze\u015bnia 2023 r. Prezydium Polskiej Komisji Akredytacyjnej wyda\u0142o\u00a0<b>ocen\u0119 pozytywn\u0105<\/b>\u00a0dla kierunku\u00a0<b>biokosmetologia\u00a0<\/b>prowadzonego przez Wydzia\u0142 Biologii \u015arodowiskowej UP w\u00a0Lublinie.<\/p>\n<p class=\"mcntMsoNormal\">Tym samym PKA potwierdzi\u0142a, \u017ce proces kszta\u0142cenia umo\u017cliwia studentom tego kierunku osi\u0105gni\u0119cie za\u0142o\u017conych efekt\u00f3w uczenia si\u0119 dla studi\u00f3w pierwszego i&nbsp;drugiego stopnia o&nbsp;profilu og\u00f3lnoakademickim.<\/p>\n                                        <\/div>\n\t\t\t\t\t\t                                <\/div>\n\t\t\t\t                <div class=\"mn-content-block\">\n\t                                <\/div>\n\t\t\t\t                <div class=\"mn-content-block\">\n\t                                <\/div>\n\t\t\t\t                <div class=\"mn-content-block\">\n\t                                <\/div>\n\t\t\t\t                <div class=\"mn-content-block\">\n\t                                <\/div>\n\t\t\t\t                <div class=\"mn-content-block\">\n\t                                <\/div>\n\t\t\t\t                <div class=\"mn-content-block\">\n\t                                <\/div>\n\t\t\t\t                <div class=\"mn-content-block\">\n\t                                <\/div>\n\t\t\t\t                <div class=\"mn-content-block\">\n\t                                <\/div>\n\t\t\t\t                <div class=\"mn-content-block\">\n\t                                <\/div>\n\t\t\t\t                <div class=\"mn-content-block\">\n\t                                <\/div>\n\t\t\t\t                <div class=\"mn-content-block\">\n\t                                <\/div>\n\t\t\t\t                <div class=\"mn-content-block\">\n\t                                <\/div>\n\t\t\t\t                <div class=\"mn-content-block\">\n\t                                <\/div>\n\t\t\t\t                <div class=\"mn-content-block\">\n\t                                <\/div>\n\t\t\t\t                <div class=\"mn-content-block\">\n\t                                <\/div>\n\t\t\t\t                <div class=\"mn-content-block\">\n\t                                <\/div>\n\t\t\t\t                <div class=\"mn-content-block\">\n\t                                <\/div>\n\t\t\t\t                <div class=\"mn-content-block\">\n\t                                <\/div>\n\t\t\t\t                <div class=\"mn-content-block\">\n\t                                <\/div>\n\t\t\t\t\t\t<\/div>\n\t<\/div>\n<\/section>\n\t\t<\/div>\n\t\t\t\t<\/div>\n\t\t\t\t\t\t<\/div>\n\t\t\t\t\t<\/div>\n\t\t<\/div>\n\t\t\t\t\t\t\t\t<\/div>\n\t\t\t\t\t<\/div>\n\t\t<\/section>\n\t\t\t\t\t\t<\/div>\n\t\t\t\t\t\t<\/div>\n\t\t\t\t\t<\/div>\n\t\t","protected":false},"excerpt":{"rendered":"<p>Uchwa\u0142\u0105 z\u00a0dnia 7 wrze\u015bnia 2023 r. Prezydium Polskiej Komisji Akredytacyjnej wyda\u0142o\u00a0ocen\u0119 pozytywn\u0105\u00a0dla kierunku\u00a0biokosmetologia\u00a0prowadzonego przez Wydzia\u0142 Biologii \u015arodowiskowej UP w\u00a0Lublinie. Tym samym PKA potwierdzi\u0142a, \u017ce proces kszta\u0142cenia umo\u017cliwia studentom tego kierunku osi\u0105gni\u0119cie za\u0142o\u017conych efekt\u00f3w uczenia si\u0119 dla studi\u00f3w pierwszego i\u00a0drugiego stopnia o\u00a0profilu og\u00f3lnoakademickim.<\/p>\n","protected":false},"author":2,"featured_media":159370,"comment_status":"closed","ping_status":"open","sticky":false,"template":"elementor_header_footer","format":"standard","meta":{"_monsterinsights_skip_tracking":false,"_monsterinsights_sitenote_active":false,"_monsterinsights_sitenote_note":"","_monsterinsights_sitenote_category":0},"categories":[24],"tags":[],"_links":{"self":[{"href":"https:\/\/up.lublin.pl\/srodowiskowa\/wp-json\/wp\/v2\/posts\/156907"}],"collection":[{"href":"https:\/\/up.lublin.pl\/srodowiskowa\/wp-json\/wp\/v2\/posts"}],"about":[{"href":"https:\/\/up.lublin.pl\/srodowiskowa\/wp-json\/wp\/v2\/types\/post"}],"author":[{"embeddable":true,"href":"https:\/\/up.lublin.pl\/srodowiskowa\/wp-json\/wp\/v2\/users\/2"}],"replies":[{"embeddable":true,"href":"https:\/\/up.lublin.pl\/srodowiskowa\/wp-json\/wp\/v2\/comments?post=156907"}],"version-history":[{"count":5,"href":"https:\/\/up.lublin.pl\/srodowiskowa\/wp-json\/wp\/v2\/posts\/156907\/revisions"}],"predecessor-version":[{"id":159374,"href":"https:\/\/up.lublin.pl\/srodowiskowa\/wp-json\/wp\/v2\/posts\/156907\/revisions\/159374"}],"wp:featuredmedia":[{"embeddable":true,"href":"https:\/\/up.lublin.pl\/srodowiskowa\/wp-json\/wp\/v2\/media\/159370"}],"wp:attachment":[{"href":"https:\/\/up.lublin.pl\/srodowiskowa\/wp-json\/wp\/v2\/media?parent=156907"}],"wp:term":[{"taxonomy":"category","embeddable":true,"href":"https:\/\/up.lublin.pl\/srodowiskowa\/wp-json\/wp\/v2\/categories?post=156907"},{"taxonomy":"post_tag","embeddable":true,"href":"https:\/\/up.lublin.pl\/srodowiskowa\/wp-json\/wp\/v2\/tags?post=156907"}],"curies":[{"name":"wp","href":"https:\/\/api.w.org\/{rel}","templated":true}]}}