{"id":156877,"date":"2023-09-13T09:46:58","date_gmt":"2023-09-13T07:46:58","guid":{"rendered":"https:\/\/up.lublin.pl\/srodowiskowa\/?p=156877"},"modified":"2023-10-23T12:33:15","modified_gmt":"2023-10-23T10:33:15","slug":"egzamin-poprawkowy-z-praktyk-zawodowych","status":"publish","type":"post","link":"https:\/\/up.lublin.pl\/srodowiskowa\/egzamin-poprawkowy-z-praktyk-zawodowych\/","title":{"rendered":"Egzamin poprawkowy z praktyk zawodowych"},"content":{"rendered":"<p>odb\u0119dzie si\u0119 w dniu <strong>28 wrze\u015bnia 2023 r.<\/strong> (czwartek) o godz. <strong>11.00<\/strong> w budynku Rektoratu,<\/p>\n<p>ul. Akademicka 13,\u00a0 IIp. pok. 357.<\/p>\n<p>Informujemy, \u017ce jest to termin ostateczny (drugi poprawkowy) egzaminu z praktyk zawodowych.<\/p>\n<p>&nbsp;<\/p>\n","protected":false},"excerpt":{"rendered":"<p>odb\u0119dzie si\u0119 w dniu 28 wrze\u015bnia 2023 r. (czwartek) o godz. 11.00 w budynku Rektoratu, ul. Akademicka 13,\u00a0 IIp. pok. 357. Informujemy, \u017ce jest to termin ostateczny (drugi poprawkowy) egzaminu z praktyk zawodowych. &nbsp;<\/p>\n","protected":false},"author":202,"featured_media":159375,"comment_status":"closed","ping_status":"open","sticky":false,"template":"","format":"standard","meta":{"_monsterinsights_skip_tracking":false,"_monsterinsights_sitenote_active":false,"_monsterinsights_sitenote_note":"","_monsterinsights_sitenote_category":0},"categories":[24],"tags":[],"_links":{"self":[{"href":"https:\/\/up.lublin.pl\/srodowiskowa\/wp-json\/wp\/v2\/posts\/156877"}],"collection":[{"href":"https:\/\/up.lublin.pl\/srodowiskowa\/wp-json\/wp\/v2\/posts"}],"about":[{"href":"https:\/\/up.lublin.pl\/srodowiskowa\/wp-json\/wp\/v2\/types\/post"}],"author":[{"embeddable":true,"href":"https:\/\/up.lublin.pl\/srodowiskowa\/wp-json\/wp\/v2\/users\/202"}],"replies":[{"embeddable":true,"href":"https:\/\/up.lublin.pl\/srodowiskowa\/wp-json\/wp\/v2\/comments?post=156877"}],"version-history":[{"count":9,"href":"https:\/\/up.lublin.pl\/srodowiskowa\/wp-json\/wp\/v2\/posts\/156877\/revisions"}],"predecessor-version":[{"id":156886,"href":"https:\/\/up.lublin.pl\/srodowiskowa\/wp-json\/wp\/v2\/posts\/156877\/revisions\/156886"}],"wp:featuredmedia":[{"embeddable":true,"href":"https:\/\/up.lublin.pl\/srodowiskowa\/wp-json\/wp\/v2\/media\/159375"}],"wp:attachment":[{"href":"https:\/\/up.lublin.pl\/srodowiskowa\/wp-json\/wp\/v2\/media?parent=156877"}],"wp:term":[{"taxonomy":"category","embeddable":true,"href":"https:\/\/up.lublin.pl\/srodowiskowa\/wp-json\/wp\/v2\/categories?post=156877"},{"taxonomy":"post_tag","embeddable":true,"href":"https:\/\/up.lublin.pl\/srodowiskowa\/wp-json\/wp\/v2\/tags?post=156877"}],"curies":[{"name":"wp","href":"https:\/\/api.w.org\/{rel}","templated":true}]}}