{"id":156620,"date":"2023-07-12T09:05:43","date_gmt":"2023-07-12T07:05:43","guid":{"rendered":"https:\/\/up.lublin.pl\/srodowiskowa\/?p=156620"},"modified":"2023-10-23T12:35:46","modified_gmt":"2023-10-23T10:35:46","slug":"czasopismo-acta-agrobotanica-uzyskalo-wskaznik-wplywu-impact-factor","status":"publish","type":"post","link":"https:\/\/up.lublin.pl\/srodowiskowa\/czasopismo-acta-agrobotanica-uzyskalo-wskaznik-wplywu-impact-factor\/","title":{"rendered":"Czasopismo &#8220;Acta Agrobotanica&#8221; uzyska\u0142o wska\u017anik wp\u0142ywu (impact factor)"},"content":{"rendered":"<p>Mi\u0142o nam poinformowa\u0107, \u017ce czasopismo &#8220;Acta Agrobotanica&#8221; wydawane przez PTB od 1953 roku, kt\u00f3rego redaktorem naczelnym jest prof. dr hab. Bo\u017cena Denisow, w najnowszej edycji raportu Journal Citation Report (JCR 2023) &#8211; opracowanego przez Clarivate (Web of Science) opublikowanego w dn. 28 czerwca 2023 r. &#8211; po raz pierwszy uzyska\u0142o wska\u017anik wp\u0142ywu (impact factor, IF). Aktualny IF 2022 = 1,2.<\/p>\n<p>&nbsp;<\/p>\n<p>Pani Prof. Bo\u017cena Denisow <strong>zaprasza do sk\u0142adania prac<\/strong>.<\/p>\n<p>&nbsp;<\/p>\n<p><a href=\"https:\/\/www.journalssystem.com\/agb\/\"><span style=\"color: #0000ff;\">https:\/\/www.journalssystem.com\/agb\/<\/span><\/a><\/p>\n","protected":false},"excerpt":{"rendered":"<p>Mi\u0142o nam poinformowa\u0107, \u017ce czasopismo &#8220;Acta Agrobotanica&#8221; wydawane przez PTB od 1953 roku, kt\u00f3rego redaktorem naczelnym jest prof. dr hab. Bo\u017cena Denisow, w najnowszej edycji raportu Journal Citation Report (JCR 2023) &#8211; opracowanego przez Clarivate (Web of Science) opublikowanego w dn. 28 czerwca 2023 r. &#8211; po raz pierwszy uzyska\u0142o wska\u017anik wp\u0142ywu (impact factor, IF). [&hellip;]<\/p>\n","protected":false},"author":201,"featured_media":159383,"comment_status":"closed","ping_status":"open","sticky":false,"template":"","format":"standard","meta":{"_monsterinsights_skip_tracking":false,"_monsterinsights_sitenote_active":false,"_monsterinsights_sitenote_note":"","_monsterinsights_sitenote_category":0},"categories":[24],"tags":[],"_links":{"self":[{"href":"https:\/\/up.lublin.pl\/srodowiskowa\/wp-json\/wp\/v2\/posts\/156620"}],"collection":[{"href":"https:\/\/up.lublin.pl\/srodowiskowa\/wp-json\/wp\/v2\/posts"}],"about":[{"href":"https:\/\/up.lublin.pl\/srodowiskowa\/wp-json\/wp\/v2\/types\/post"}],"author":[{"embeddable":true,"href":"https:\/\/up.lublin.pl\/srodowiskowa\/wp-json\/wp\/v2\/users\/201"}],"replies":[{"embeddable":true,"href":"https:\/\/up.lublin.pl\/srodowiskowa\/wp-json\/wp\/v2\/comments?post=156620"}],"version-history":[{"count":4,"href":"https:\/\/up.lublin.pl\/srodowiskowa\/wp-json\/wp\/v2\/posts\/156620\/revisions"}],"predecessor-version":[{"id":159392,"href":"https:\/\/up.lublin.pl\/srodowiskowa\/wp-json\/wp\/v2\/posts\/156620\/revisions\/159392"}],"wp:featuredmedia":[{"embeddable":true,"href":"https:\/\/up.lublin.pl\/srodowiskowa\/wp-json\/wp\/v2\/media\/159383"}],"wp:attachment":[{"href":"https:\/\/up.lublin.pl\/srodowiskowa\/wp-json\/wp\/v2\/media?parent=156620"}],"wp:term":[{"taxonomy":"category","embeddable":true,"href":"https:\/\/up.lublin.pl\/srodowiskowa\/wp-json\/wp\/v2\/categories?post=156620"},{"taxonomy":"post_tag","embeddable":true,"href":"https:\/\/up.lublin.pl\/srodowiskowa\/wp-json\/wp\/v2\/tags?post=156620"}],"curies":[{"name":"wp","href":"https:\/\/api.w.org\/{rel}","templated":true}]}}