{"id":156602,"date":"2023-07-07T12:29:10","date_gmt":"2023-07-07T10:29:10","guid":{"rendered":"https:\/\/up.lublin.pl\/srodowiskowa\/?p=156602"},"modified":"2023-08-08T08:22:59","modified_gmt":"2023-08-08T06:22:59","slug":"wizyta-pracownikow-katedry-botaniki-i-fizjologii-roslin-w-universite-de-tours-oraz-w-universite-de-orleans-we-francji","status":"publish","type":"post","link":"https:\/\/up.lublin.pl\/srodowiskowa\/wizyta-pracownikow-katedry-botaniki-i-fizjologii-roslin-w-universite-de-tours-oraz-w-universite-de-orleans-we-francji\/","title":{"rendered":"Wizyta pracownik\u00f3w Katedry Botaniki i Fizjologii Ro\u015blin w Universit\u00e9 de Tours oraz w Universit\u00e9 de Orl\u00e9ans we Francji"},"content":{"rendered":"<p>W dniach 19 &#8211; 22.06.2023 prodziekan Wydzia\u0142u Biologii \u015arodowiskowej prof. dr hab. Bo\u017cena Denisow, dr hab. Miros\u0142awa Chwil, profesor uczelni (Katedra Botaniki i Fizjologii Ro\u015blin) oraz prof. dr hab. Agnieszka W\u00f3jtowicz z Zak\u0142adu In\u017cynierii Procesowej (Wydzia\u0142 In\u017cynierii Produkcji) uczestniczy\u0142y w wizycie we Francji. Odby\u0142y si\u0119 spotkania z naukowcami i wizyty w laboratoriach w Universit\u00e9 de Tours oraz w Universit\u00e9 de Orl\u00e9ans. Przedstawiono potencja\u0142y badawcze zespo\u0142\u00f3w oraz przedyskutowano obszary mo\u017cliwej wsp\u00f3\u0142pracy partnerskiej.<\/p>\n<p>&nbsp;<\/p>\n<p style=\"text-align: center\"><img loading=\"lazy\" class=\"alignnone wp-image-156603\" src=\"https:\/\/up.lublin.pl\/srodowiskowa\/wp-content\/uploads\/sites\/5\/2023\/07\/img-20230704-wa0009.jpg\" alt=\"\" width=\"1100\" height=\"619\" \/> <img loading=\"lazy\" class=\"alignnone wp-image-156607\" src=\"https:\/\/up.lublin.pl\/srodowiskowa\/wp-content\/uploads\/sites\/5\/2023\/07\/img-20230704-wa0008.jpg\" alt=\"\" width=\"1100\" height=\"619\" \/> <img loading=\"lazy\" class=\"alignnone wp-image-156611\" src=\"https:\/\/up.lublin.pl\/srodowiskowa\/wp-content\/uploads\/sites\/5\/2023\/07\/img-20230704-wa0007.jpg\" alt=\"\" width=\"1100\" height=\"619\" \/> <img loading=\"lazy\" class=\"alignnone wp-image-156615\" src=\"https:\/\/up.lublin.pl\/srodowiskowa\/wp-content\/uploads\/sites\/5\/2023\/07\/img-20230704-wa0005.jpg\" alt=\"\" width=\"1100\" height=\"619\" \/><\/p>\n","protected":false},"excerpt":{"rendered":"<p>W dniach 19 &#8211; 22.06.2023 prodziekan Wydzia\u0142u Biologii \u015arodowiskowej prof. dr hab. Bo\u017cena Denisow, dr hab. Miros\u0142awa Chwil, profesor uczelni (Katedra Botaniki i Fizjologii Ro\u015blin) oraz prof. dr hab. Agnieszka W\u00f3jtowicz z Zak\u0142adu In\u017cynierii Procesowej (Wydzia\u0142 In\u017cynierii Produkcji) uczestniczy\u0142y w wizycie we Francji. Odby\u0142y si\u0119 spotkania z naukowcami i wizyty w laboratoriach w Universit\u00e9 de [&hellip;]<\/p>\n","protected":false},"author":201,"featured_media":156611,"comment_status":"closed","ping_status":"open","sticky":false,"template":"","format":"standard","meta":{"_monsterinsights_skip_tracking":false,"_monsterinsights_sitenote_active":false,"_monsterinsights_sitenote_note":"","_monsterinsights_sitenote_category":0},"categories":[24],"tags":[],"_links":{"self":[{"href":"https:\/\/up.lublin.pl\/srodowiskowa\/wp-json\/wp\/v2\/posts\/156602"}],"collection":[{"href":"https:\/\/up.lublin.pl\/srodowiskowa\/wp-json\/wp\/v2\/posts"}],"about":[{"href":"https:\/\/up.lublin.pl\/srodowiskowa\/wp-json\/wp\/v2\/types\/post"}],"author":[{"embeddable":true,"href":"https:\/\/up.lublin.pl\/srodowiskowa\/wp-json\/wp\/v2\/users\/201"}],"replies":[{"embeddable":true,"href":"https:\/\/up.lublin.pl\/srodowiskowa\/wp-json\/wp\/v2\/comments?post=156602"}],"version-history":[{"count":1,"href":"https:\/\/up.lublin.pl\/srodowiskowa\/wp-json\/wp\/v2\/posts\/156602\/revisions"}],"predecessor-version":[{"id":156619,"href":"https:\/\/up.lublin.pl\/srodowiskowa\/wp-json\/wp\/v2\/posts\/156602\/revisions\/156619"}],"wp:featuredmedia":[{"embeddable":true,"href":"https:\/\/up.lublin.pl\/srodowiskowa\/wp-json\/wp\/v2\/media\/156611"}],"wp:attachment":[{"href":"https:\/\/up.lublin.pl\/srodowiskowa\/wp-json\/wp\/v2\/media?parent=156602"}],"wp:term":[{"taxonomy":"category","embeddable":true,"href":"https:\/\/up.lublin.pl\/srodowiskowa\/wp-json\/wp\/v2\/categories?post=156602"},{"taxonomy":"post_tag","embeddable":true,"href":"https:\/\/up.lublin.pl\/srodowiskowa\/wp-json\/wp\/v2\/tags?post=156602"}],"curies":[{"name":"wp","href":"https:\/\/api.w.org\/{rel}","templated":true}]}}