{"id":156592,"date":"2023-06-26T08:33:46","date_gmt":"2023-06-26T06:33:46","guid":{"rendered":"https:\/\/up.lublin.pl\/srodowiskowa\/?p=156592"},"modified":"2023-06-26T08:34:50","modified_gmt":"2023-06-26T06:34:50","slug":"konkurs-otwarty-na-stanowisko-asystenta-badawczo-dydaktycznego-w-katedrze-botaniki-i-fizjologii-roslin","status":"publish","type":"post","link":"https:\/\/up.lublin.pl\/srodowiskowa\/konkurs-otwarty-na-stanowisko-asystenta-badawczo-dydaktycznego-w-katedrze-botaniki-i-fizjologii-roslin\/","title":{"rendered":"Konkurs otwarty na stanowisko asystenta badawczo-dydaktycznego w Katedrze Botaniki i Fizjologii Ro\u015blin"},"content":{"rendered":"<p style=\"text-align: center\"><strong>Dziekan Wydzia\u0142u Biologii \u015arodowiskowej <\/strong><\/p>\n<p style=\"text-align: center\"><strong>Uniwersytetu Przyrodniczego w\u00a0Lublinie <\/strong><strong><br \/>\nog\u0142asza konkurs otwarty<br \/>\nna stanowisko asystenta badawczo-dydaktycznego<br \/>\nw Katedrze Botaniki i Fizjologii Ro\u015blin<\/strong><\/p>\n<p>&nbsp;<\/p>\n<p>Do konkursu mog\u0105 przyst\u0105pi\u0107 osoby spe\u0142niaj\u0105ce wymogi przewidziane w\u00a0art. 113 ustawy z\u00a0dnia 20 lipca 2018 roku \u2013 Prawo o\u00a0Szkolnictwie Wy\u017cszym i\u00a0Nauce (Dz.U.2018 r. poz.1668)<\/p>\n<p>&nbsp;<\/p>\n<p><strong>Wymagania stawiane Kandydatom:<\/strong><\/p>\n<ol>\n<li>dyplom magistra kosmetologii lub biokosmetologii,<\/li>\n<li>wysoka ocena pracy dyplomowej,<\/li>\n<li>zainteresowania naukowe w zakresie biologii pylenia udokumentowane dorobkiem (np. udzia\u0142 w konferencjach\/sympozjach),<\/li>\n<li>posiadanie co najmniej jednego osi\u0105gni\u0119cia naukowego opublikowanego w czasopi\u015bmie z IF,<\/li>\n<li>posiadanie umiej\u0119tno\u015bci obejmuj\u0105cych znajomo\u015b\u0107 technik mikroskopowych,<\/li>\n<li>mile widziane przygotowanie w zakresie znajomo\u015bci program\u00f3w do analizy statystycznej danych naukowych (np. Statistica, SPSS),<\/li>\n<li>znajomo\u015b\u0107 j\u0119zyka angielskiego na poziomie umo\u017cliwiaj\u0105cym pisanie publikacji naukowych\/g\u0142oszenie referat\u00f3w,<\/li>\n<li>odbyte szkolenia\/kursy zawodowe z zakresu kosmetologii,<\/li>\n<li>kompetencje og\u00f3lne (dobra organizacja pracy, umiej\u0119tno\u015b\u0107 pracy indywidulanej oraz pracy w zespole).<\/li>\n<\/ol>\n<p>&nbsp;<\/p>\n<p><strong>Wykaz wymaganych dokument\u00f3w:<\/strong><\/p>\n<ol>\n<li>podanie o\u00a0zatrudnienie skierowane do Rektora Uniwersytetu Przyrodniczego w\u00a0Lublinie,<\/li>\n<li>\u017cyciorys,<\/li>\n<li>kopie dokument\u00f3w potwierdzaj\u0105cych kwalifikacje zawodowe oraz wykszta\u0142cenie, w\u00a0szczeg\u00f3lno\u015bci dyplom uko\u0144czenia studi\u00f3w wy\u017cszych,<\/li>\n<li>kwestionariusz osobowy,<\/li>\n<li>wykaz dorobku naukowego -\u2013 je\u015bli dotyczy,<\/li>\n<li>o\u015bwiadczenie o spe\u0142nieniu wymaga\u0144 okre\u015blonych w art. 113 ustawy z dnia 20 lipca 2018 Prawo o szkolnictwie wy\u017cszym i nauce (Dz. U. 2018, poz. 1668),<\/li>\n<li>o\u015bwiadczenie, \u017ce Uniwersytet Przyrodniczy w\u00a0Lublinie b\u0119dzie podstawowym miejscem pracy,<\/li>\n<li>zgoda na przetwarzanie danych osobowych,<\/li>\n<li>w przypadku cudzoziemc\u00f3w Certyfikat Znajomo\u015bci J\u0119zyka Polskiego, wydany przez Pa\u0144stwow\u0105 Komisj\u0119 Po\u015bwiadczenia Znajomo\u015bci J\u0119zyka Polskiego Jako Obcego.<\/li>\n<\/ol>\n<p>&nbsp;<\/p>\n<p><strong>Informacje:<\/strong><\/p>\n<p>Uniwersytet Przyrodniczy w\u00a0Lublinie zastrzega sobie prawo uniewa\u017cnienia konkursu przez Rektora bez podania przyczyn.<\/p>\n<p>Kopie dokument\u00f3w powinny by\u0107 po\u015bwiadczone notarialnie lub z\u0142o\u017cone bezpo\u015brednio w UP w Lublinie z orygina\u0142em do wgl\u0105du.<\/p>\n<p>&nbsp;<\/p>\n<p>Zg\u0142oszenie udzia\u0142u w\u00a0konkursie nale\u017cy sk\u0142ada\u0107 w\u00a0Dziekanacie Wydzia\u0142u Biologii \u015arodowiskowej Uniwersytetu Przyrodniczego w\u00a0Lublinie ul Akademicka 13<strong>, w\u00a0terminie do dnia 26.07.2023 r. do godziny 15.00<\/strong>.<\/p>\n<p>&nbsp;<\/p>\n<p>Dokumenty wydane w j\u0119zyku obcym winny by\u0107 przet\u0142umaczone na j\u0119zyk polski.<\/p>\n<p>Niepoinformowanie kandydata o wynikach konkursu r\u00f3wnoznaczne jest z odrzuceniem jego oferty.<\/p>\n<p>&nbsp;<\/p>\n<p><strong>Druki od pobrania <\/strong><\/p>\n<p><strong>https:\/\/up.lublin.pl\/bip\/konkursy\/druki-do-pobrania\/<\/strong><\/p>\n<ol>\n<li>kwestionariusz dla osoby ubiegaj\u0105cej si\u0119 o zatrudnienie<\/li>\n<li>o\u015bwiadczenie nauczyciela akademickiego o podstawowym miejscu pracy<\/li>\n<li>o\u015bwiadczenie o niekaralno\u015bci &#8211; art. 113 ustawy z dnia 20 lipca 2018 Prawo o Szkolnictwie Wy\u017cszym i Nauce<\/li>\n<\/ol>\n<p>&nbsp;<\/p>\n<p style=\"text-align: right\">Dziekan Wydzia\u0142u<\/p>\n<p style=\"text-align: right\">Prof. dr hab. Tomasz Mieczan<\/p>\n","protected":false},"excerpt":{"rendered":"<p>Dziekan Wydzia\u0142u Biologii \u015arodowiskowej Uniwersytetu Przyrodniczego w\u00a0Lublinie og\u0142asza konkurs otwarty na stanowisko asystenta badawczo-dydaktycznego w Katedrze Botaniki i Fizjologii Ro\u015blin &nbsp; Do konkursu mog\u0105 przyst\u0105pi\u0107 osoby spe\u0142niaj\u0105ce wymogi przewidziane w\u00a0art. 113 ustawy z\u00a0dnia 20 lipca 2018 roku \u2013 Prawo o\u00a0Szkolnictwie Wy\u017cszym i\u00a0Nauce (Dz.U.2018 r. poz.1668) &nbsp; Wymagania stawiane Kandydatom: dyplom magistra kosmetologii lub biokosmetologii, wysoka [&hellip;]<\/p>\n","protected":false},"author":202,"featured_media":150503,"comment_status":"closed","ping_status":"open","sticky":false,"template":"","format":"standard","meta":{"_monsterinsights_skip_tracking":false,"_monsterinsights_sitenote_active":false,"_monsterinsights_sitenote_note":"","_monsterinsights_sitenote_category":0},"categories":[24],"tags":[],"_links":{"self":[{"href":"https:\/\/up.lublin.pl\/srodowiskowa\/wp-json\/wp\/v2\/posts\/156592"}],"collection":[{"href":"https:\/\/up.lublin.pl\/srodowiskowa\/wp-json\/wp\/v2\/posts"}],"about":[{"href":"https:\/\/up.lublin.pl\/srodowiskowa\/wp-json\/wp\/v2\/types\/post"}],"author":[{"embeddable":true,"href":"https:\/\/up.lublin.pl\/srodowiskowa\/wp-json\/wp\/v2\/users\/202"}],"replies":[{"embeddable":true,"href":"https:\/\/up.lublin.pl\/srodowiskowa\/wp-json\/wp\/v2\/comments?post=156592"}],"version-history":[{"count":2,"href":"https:\/\/up.lublin.pl\/srodowiskowa\/wp-json\/wp\/v2\/posts\/156592\/revisions"}],"predecessor-version":[{"id":156594,"href":"https:\/\/up.lublin.pl\/srodowiskowa\/wp-json\/wp\/v2\/posts\/156592\/revisions\/156594"}],"wp:featuredmedia":[{"embeddable":true,"href":"https:\/\/up.lublin.pl\/srodowiskowa\/wp-json\/wp\/v2\/media\/150503"}],"wp:attachment":[{"href":"https:\/\/up.lublin.pl\/srodowiskowa\/wp-json\/wp\/v2\/media?parent=156592"}],"wp:term":[{"taxonomy":"category","embeddable":true,"href":"https:\/\/up.lublin.pl\/srodowiskowa\/wp-json\/wp\/v2\/categories?post=156592"},{"taxonomy":"post_tag","embeddable":true,"href":"https:\/\/up.lublin.pl\/srodowiskowa\/wp-json\/wp\/v2\/tags?post=156592"}],"curies":[{"name":"wp","href":"https:\/\/api.w.org\/{rel}","templated":true}]}}