{"id":155865,"date":"2023-05-12T16:19:29","date_gmt":"2023-05-12T14:19:29","guid":{"rendered":"https:\/\/up.lublin.pl\/srodowiskowa\/?p=155865"},"modified":"2023-05-17T09:32:03","modified_gmt":"2023-05-17T07:32:03","slug":"iv-krajowa-konferencja-zooplanktonowa-pt-wplyw-zmian-klimatu-na-funkcjonowanie-zespolow-zooplanktonu-2","status":"publish","type":"post","link":"https:\/\/up.lublin.pl\/srodowiskowa\/iv-krajowa-konferencja-zooplanktonowa-pt-wplyw-zmian-klimatu-na-funkcjonowanie-zespolow-zooplanktonu-2\/","title":{"rendered":"IV Krajowa Konferencja Zooplanktonowa pt.: \u201eWp\u0142yw zmian klimatu na funkcjonowanie zespo\u0142\u00f3w zooplanktonu\u201d"},"content":{"rendered":"<p>W dniach 8-10 maja 2023 roku w O\u015brodku Edukacji Ekologicznej Lasy Janowskie w Janowie Lubelskim odby\u0142a si\u0119 IV Krajowa Konferencja Zooplanktonowa pt.: \u201e<strong>Wp\u0142yw zmian klimatu na funkcjonowanie zespo\u0142\u00f3w zooplanktonu\u201d. <\/strong>Organizatorami Konferencji byli: Katedra Hydrobiologii i Ochrony Ekosystem\u00f3w Uniwersytetu Przyrodniczego w Lublinie, Wydzia\u0142 Biologii \u015arodowiskowej Uniwersytetu Przyrodniczego w Lublinie, Sekcja Zooplanktonowa Polskiego Towarzystwa Hydrobiologicznego oraz Polskie Towarzystwo Hydrobiologiczne \u2013 Oddzia\u0142 Lublin. W ostatnich latach zainteresowanie problematyk\u0105 zmian klimatu istotnie wzros\u0142o. Konsekwencj\u0105 tego sta\u0142y si\u0119 liczne badania zespo\u0142\u00f3w organizm\u00f3w zooplanktonowych w odniesieniu do obserwowanych zmian abiotycznych i biotycznych ekosystem\u00f3w, zwi\u0105zanych bezpo\u015brednio i po\u015brednio ze zmianami klimatycznymi. To zainteresowanie znalaz\u0142o tak\u017ce swoje odzwierciedlenie w konferencji, bowiem uczestniczyli w niej przedstawiciele wszystkich o\u015brodk\u00f3w hydrobiologicznych w Polsce, m. in. z: Uniwersytetu Warszawskiego, Uniwersytetu Jagiello\u0144skiego, Uniwersytetu Adama Mickiewicza w Poznaniu, Uniwersytetu \u0141\u00f3dzkiego, Uniwersytetu Szczeci\u0144skiego, Instytutu Ochrony Przyrody PAN w Krakowie, Instytutu Ochrony \u015arodowiska &#8211; PIB w Warszawie, Uniwersytetu w Bia\u0142ymstoku, Instytutu Rybactwa \u015ar\u00f3dl\u0105dowego w Olszynie, Uniwersytetu im. Kazimierza Wielkiego w Bydgoszczy, Uniwersytetu Przyrodniczego we Wroc\u0142awiu czy Stacji Badawczej w Miko\u0142ajkach Instytutu Biologii Do\u015bwiadczalnej im. M. Nenckiego PAN. \u0141\u0105cznie zaprezentowano 19 referat\u00f3w oraz kilkana\u015bcie poster\u00f3w. Ide\u0105 cyklicznej ju\u017c Konferencji jest wymiana do\u015bwiadcze\u0144 naukowych w\u015br\u00f3d hydrobiolog\u00f3w &#8211; zooplanktonolog\u00f3w, a tak\u017ce m\u0142odych adept\u00f3w nauki \u2013 doktorant\u00f3w i student\u00f3w. W ramach integracji \u015brodowiska hydrobiolog\u00f3w wiecz\u00f3r przed rozpocz\u0119ciem konferencji poprzedzi\u0142o klimatyczne ognisko. Na drugi dzie\u0144, po kr\u00f3tkiej cz\u0119\u015bci inauguracyjnej przeprowadzonej przez prof. dr hab. Tomasza Mieczana, Dziekana Wydzia\u0142u Biologii \u015arodowiskowej i kierownika Katedry Hydrobiologii i Ochrony Ekosystem\u00f3w nast\u0105pi\u0142y trzy obszerne sesje referatowe. Wzbudzi\u0142y one ogromne zainteresowanie uczestnik\u00f3w zar\u00f3wno ze wzgl\u0119du na ciekawy zakres merytoryczny, jak i bardzo wysoki poziom naukowy.<\/p>\n<p>Tematyka przedstawionych referat\u00f3w reprezentowa\u0142a g\u0142\u00f3wnie trzy nurty badawcze:<\/p>\n<p>1) wp\u0142yw zakwit\u00f3w glon\u00f3w i sinic na funkcjonowanie zooplanktonu, prowadz\u0105cym t\u0119 cz\u0119\u015b\u0107 sesji referatowej by\u0142 dr hab. Maciej Karpowicz z Uniwersytetu w Bia\u0142ymstoku;<\/p>\n<p>2) r\u00f3\u017cnorodno\u015b\u0107 zooplanktonu na r\u00f3\u017cnych poziomach organizacji a zmiany klimatu, prowadz\u0105ca: prof. dr hab. Barbara Pawlik-Skowro\u0144ska z Uniwersytetu Przyrodniczego w Lublinie;<\/p>\n<p>3) wsp\u00f3\u0142czesna taksonomia organizm\u00f3w zooplanktonowych, prowadz\u0105cy: prof. dr hab. Robert Czerniawski z Uniwersytetu Szczeci\u0144skiego.<\/p>\n<p>W ostatnim dniu konferencji odby\u0142a si\u0119 natomiast sesja terenowa zapoznaj\u0105ca uczestnik\u00f3w z walorami przyrodniczymi Las\u00f3w Janowskich, w tym m.in.. z pi\u0119knym rezerwatem o charakterze wodno-torfowiskowym Imielty \u0141ug, przeuroczym ko\u015bci\u00f3\u0142kiem w Momotach G\u00f3rnych oraz histori\u0105 walk w okolicach Porytowego Wzg\u00f3rza.<\/p>\n<p>&nbsp;<\/p>\n<p style=\"text-align: right\"><em>Prof. dr hab. Tomasz Mieczan<\/em><\/p>\n<p>&nbsp;<\/p>\n<p><img loading=\"lazy\" class=\"alignnone wp-image-155866\" src=\"https:\/\/up.lublin.pl\/srodowiskowa\/wp-content\/uploads\/sites\/5\/2023\/05\/IV-Krajowa-Konferencja-Zooplanktonowa-_1.jpg\" alt=\"\" width=\"725\" height=\"580\" \/><img loading=\"lazy\" class=\"alignnone wp-image-155870\" src=\"https:\/\/up.lublin.pl\/srodowiskowa\/wp-content\/uploads\/sites\/5\/2023\/05\/IV-Krajowa-Konferencja-Zooplanktonowa-_2.jpg\" alt=\"\" width=\"725\" height=\"580\" \/><\/p>\n","protected":false},"excerpt":{"rendered":"<p>W dniach 8-10 maja 2023 roku w O\u015brodku Edukacji Ekologicznej Lasy Janowskie w Janowie Lubelskim odby\u0142a si\u0119 IV Krajowa Konferencja Zooplanktonowa pt.: \u201eWp\u0142yw zmian klimatu na funkcjonowanie zespo\u0142\u00f3w zooplanktonu\u201d. Organizatorami Konferencji byli: Katedra Hydrobiologii i Ochrony Ekosystem\u00f3w Uniwersytetu Przyrodniczego w Lublinie, Wydzia\u0142 Biologii \u015arodowiskowej Uniwersytetu Przyrodniczego w Lublinie, Sekcja Zooplanktonowa Polskiego Towarzystwa Hydrobiologicznego oraz Polskie [&hellip;]<\/p>\n","protected":false},"author":202,"featured_media":152313,"comment_status":"closed","ping_status":"open","sticky":false,"template":"","format":"standard","meta":{"_monsterinsights_skip_tracking":false,"_monsterinsights_sitenote_active":false,"_monsterinsights_sitenote_note":"","_monsterinsights_sitenote_category":0},"categories":[24],"tags":[],"_links":{"self":[{"href":"https:\/\/up.lublin.pl\/srodowiskowa\/wp-json\/wp\/v2\/posts\/155865"}],"collection":[{"href":"https:\/\/up.lublin.pl\/srodowiskowa\/wp-json\/wp\/v2\/posts"}],"about":[{"href":"https:\/\/up.lublin.pl\/srodowiskowa\/wp-json\/wp\/v2\/types\/post"}],"author":[{"embeddable":true,"href":"https:\/\/up.lublin.pl\/srodowiskowa\/wp-json\/wp\/v2\/users\/202"}],"replies":[{"embeddable":true,"href":"https:\/\/up.lublin.pl\/srodowiskowa\/wp-json\/wp\/v2\/comments?post=155865"}],"version-history":[{"count":7,"href":"https:\/\/up.lublin.pl\/srodowiskowa\/wp-json\/wp\/v2\/posts\/155865\/revisions"}],"predecessor-version":[{"id":155923,"href":"https:\/\/up.lublin.pl\/srodowiskowa\/wp-json\/wp\/v2\/posts\/155865\/revisions\/155923"}],"wp:featuredmedia":[{"embeddable":true,"href":"https:\/\/up.lublin.pl\/srodowiskowa\/wp-json\/wp\/v2\/media\/152313"}],"wp:attachment":[{"href":"https:\/\/up.lublin.pl\/srodowiskowa\/wp-json\/wp\/v2\/media?parent=155865"}],"wp:term":[{"taxonomy":"category","embeddable":true,"href":"https:\/\/up.lublin.pl\/srodowiskowa\/wp-json\/wp\/v2\/categories?post=155865"},{"taxonomy":"post_tag","embeddable":true,"href":"https:\/\/up.lublin.pl\/srodowiskowa\/wp-json\/wp\/v2\/tags?post=155865"}],"curies":[{"name":"wp","href":"https:\/\/api.w.org\/{rel}","templated":true}]}}