{"id":155710,"date":"2023-05-09T09:11:32","date_gmt":"2023-05-09T07:11:32","guid":{"rendered":"https:\/\/up.lublin.pl\/srodowiskowa\/?p=155710"},"modified":"2023-05-09T09:25:56","modified_gmt":"2023-05-09T07:25:56","slug":"pracownicy-katedry-zoologii-i-ekologii-zwierzat-wydzialu-biologii-srodowiskowej-serdecznie-zapraszaja-na-obchody-dnia-wazki-ktory-odbedzie-sie-25-maja-2023-r-w-ogrodzie-botanicznym-w-lublinie","status":"publish","type":"post","link":"https:\/\/up.lublin.pl\/srodowiskowa\/pracownicy-katedry-zoologii-i-ekologii-zwierzat-wydzialu-biologii-srodowiskowej-serdecznie-zapraszaja-na-obchody-dnia-wazki-ktory-odbedzie-sie-25-maja-2023-r-w-ogrodzie-botanicznym-w-lublinie\/","title":{"rendered":"Pracownicy Katedry Zoologii i Ekologii Zwierz\u0105t Wydzia\u0142u Biologii \u015arodowiskowej serdecznie zapraszaj\u0105 na obchody Dnia Wa\u017cki, kt\u00f3ry odb\u0119dzie si\u0119 25 maja 2023 r. w Ogrodzie Botanicznym w Lublinie"},"content":{"rendered":"<p>Jest to stosunkowo nowe \u015bwi\u0119to, kt\u00f3rego celem jest popularyzowanie wiedzy o tych niezwyk\u0142ych owadach. Razem z pracownikami Katedry Zoologii i Ochrony Przyrody UMSC, cz\u0142onkami Polskiego Towarzystwa Entomologicznego oraz pracownikami Ogrodu Botanicznego poka\u017cemy wa\u017cki \u017cyj\u0105ce w Ogrodzie, jak poluj\u0105, jak si\u0119 rozmna\u017caj\u0105, gdzie w stawach kryj\u0105 si\u0119 ich larwy i jak si\u0119 je oznacza.<\/p>\n<p>Nasze zaproszenie jest kierowane g\u0142\u00f3wnie do grup zorganizowanych (wymagana wcze\u015bniejsza rejestracja: <strong>\u00a0<\/strong><a href=\"mailto:anna.cewner@mail.umcs.pl\">anna.cewner@mail.umcs.pl<\/a><strong>, tel. 81 742 67 01<\/strong>) jak r\u00f3wnie\u017c do os\u00f3b indywidualnych, zainteresowanych przyrod\u0105, kt\u00f3re w tym czasie wybior\u0105 si\u0119 do Ogrodu i do nas do\u0142\u0105cz\u0105.<\/p>\n<p>Dzie\u0144 Wa\u017cki w lubelskim Ogrodzie Botanicznym jest r\u00f3wnie\u017c jedn\u0105 z wielu tegorocznych inicjatyw entomologicznych zwi\u0105zanych ze \u015bwi\u0119towaniem du\u017cego jubileuszu \u2013 100-lecia Polskiego Towarzystwa Entomologicznego.<\/p>\n<p>&nbsp;<\/p>\n<p style=\"text-align: right\">Serdecznie zapraszamy!<\/p>\n<p>&nbsp;<\/p>\n<p><img loading=\"lazy\" class=\"alignnone wp-image-155711\" src=\"https:\/\/up.lublin.pl\/srodowiskowa\/wp-content\/uploads\/sites\/5\/2023\/05\/Dzien-wazki-2023.jpg\" alt=\"\" width=\"705\" height=\"997\" \/><\/p>\n","protected":false},"excerpt":{"rendered":"<p>Jest to stosunkowo nowe \u015bwi\u0119to, kt\u00f3rego celem jest popularyzowanie wiedzy o tych niezwyk\u0142ych owadach. Razem z pracownikami Katedry Zoologii i Ochrony Przyrody UMSC, cz\u0142onkami Polskiego Towarzystwa Entomologicznego oraz pracownikami Ogrodu Botanicznego poka\u017cemy wa\u017cki \u017cyj\u0105ce w Ogrodzie, jak poluj\u0105, jak si\u0119 rozmna\u017caj\u0105, gdzie w stawach kryj\u0105 si\u0119 ich larwy i jak si\u0119 je oznacza. Nasze zaproszenie [&hellip;]<\/p>\n","protected":false},"author":202,"featured_media":151459,"comment_status":"closed","ping_status":"open","sticky":false,"template":"","format":"standard","meta":{"_monsterinsights_skip_tracking":false,"_monsterinsights_sitenote_active":false,"_monsterinsights_sitenote_note":"","_monsterinsights_sitenote_category":0},"categories":[24],"tags":[],"_links":{"self":[{"href":"https:\/\/up.lublin.pl\/srodowiskowa\/wp-json\/wp\/v2\/posts\/155710"}],"collection":[{"href":"https:\/\/up.lublin.pl\/srodowiskowa\/wp-json\/wp\/v2\/posts"}],"about":[{"href":"https:\/\/up.lublin.pl\/srodowiskowa\/wp-json\/wp\/v2\/types\/post"}],"author":[{"embeddable":true,"href":"https:\/\/up.lublin.pl\/srodowiskowa\/wp-json\/wp\/v2\/users\/202"}],"replies":[{"embeddable":true,"href":"https:\/\/up.lublin.pl\/srodowiskowa\/wp-json\/wp\/v2\/comments?post=155710"}],"version-history":[{"count":4,"href":"https:\/\/up.lublin.pl\/srodowiskowa\/wp-json\/wp\/v2\/posts\/155710\/revisions"}],"predecessor-version":[{"id":155718,"href":"https:\/\/up.lublin.pl\/srodowiskowa\/wp-json\/wp\/v2\/posts\/155710\/revisions\/155718"}],"wp:featuredmedia":[{"embeddable":true,"href":"https:\/\/up.lublin.pl\/srodowiskowa\/wp-json\/wp\/v2\/media\/151459"}],"wp:attachment":[{"href":"https:\/\/up.lublin.pl\/srodowiskowa\/wp-json\/wp\/v2\/media?parent=155710"}],"wp:term":[{"taxonomy":"category","embeddable":true,"href":"https:\/\/up.lublin.pl\/srodowiskowa\/wp-json\/wp\/v2\/categories?post=155710"},{"taxonomy":"post_tag","embeddable":true,"href":"https:\/\/up.lublin.pl\/srodowiskowa\/wp-json\/wp\/v2\/tags?post=155710"}],"curies":[{"name":"wp","href":"https:\/\/api.w.org\/{rel}","templated":true}]}}