{"id":155682,"date":"2023-05-08T15:02:50","date_gmt":"2023-05-08T13:02:50","guid":{"rendered":"https:\/\/up.lublin.pl\/srodowiskowa\/?p=155682"},"modified":"2023-05-08T17:06:50","modified_gmt":"2023-05-08T15:06:50","slug":"patent-z-wydzialu-biologii-srodowiskowej-pt-wodny-ekstrakt-alantoiny-z-porostow-z-rodzaju-physcia-i-phaeophyscia-do-zastosowania-w-leczeniu-ran-skory-roznej-etiologii-zwlaszcza-po-oparzeniach-czy-z","status":"publish","type":"post","link":"https:\/\/up.lublin.pl\/srodowiskowa\/patent-z-wydzialu-biologii-srodowiskowej-pt-wodny-ekstrakt-alantoiny-z-porostow-z-rodzaju-physcia-i-phaeophyscia-do-zastosowania-w-leczeniu-ran-skory-roznej-etiologii-zwlaszcza-po-oparzeniach-czy-z\/","title":{"rendered":"Patent z Wydzia\u0142u Biologii \u015arodowiskowej pt.: Wodny ekstrakt alantoiny z porost\u00f3w z rodzaju Physcia i Phaeophyscia do zastosowania w leczeniu ran sk\u00f3ry r\u00f3\u017cnej etiologii, zw\u0142aszcza po oparzeniach czy zaka\u017ceniach grzybicznych"},"content":{"rendered":"<p><strong>Z przyjemno\u015bci\u0105 informujemy, \u017ce \u00a0dr hab. Barbara Hawrylak-Nowak, prof. uczelni z Katedry Botaniki i Fizjologii Ro\u015blin Wydzia\u0142u Biologii \u015arodowiskowej jest wsp\u00f3\u0142tw\u00f3rc\u0105 patentu: \u201eWodny ekstrakt alantoiny z porost\u00f3w z rodzaju <em>Physcia<\/em> i <em>Phaeophyscia<\/em> do zastosowania w leczeniu ran sk\u00f3ry r\u00f3\u017cnej etiologii, zw\u0142aszcza po oparzeniach czy zaka\u017ceniach grzybicznych.\u201d<\/strong><\/p>\n<p>&nbsp;<\/p>\n<p>Uzyskany patent (PL433604A1) jest efektem wsp\u00f3\u0142pracy dr hab. Barbary Hawrylak-Nowak z naukowcami z Uniwersytetu Medycznego w Lublinie (prof. dr hab. S\u0142awomirem Dreslerem; prof. dr hab. Magdalen\u0105 W\u00f3jciak; prof. dr hab. Ireneuszem Sow\u0105; dr hab. Maciejem Strzemskim, prof. uczeni) oraz z naukowcami z UMCS (dr Hann\u0105 W\u00f3jciak oraz dr hab. Romanem Paduchem, prof. uczelni).<\/p>\n<p>&nbsp;<\/p>\n<p>Przedmiotem wynalazku jest wodny ekstrakt alantoiny z porost\u00f3w z rodzaju <em>Physcia<\/em> i <em>Phaeophyscia<\/em>, wyizolowany z gatunk\u00f3w <em>Physcia<\/em> <em>dubia<\/em>, <em>Physcia<\/em> <em>adscendens<\/em> i <em>Phaeophyscia<\/em> <em>orbicularis<\/em> do zastosowania w preparatach dermatologicznych regeneruj\u0105cych uszkodzon\u0105 sk\u00f3r\u0119. Mo\u017ce on znale\u017a\u0107 zastosowanie zw\u0142aszcza w leczeniu ran po oparzeniu r\u00f3\u017cnej etiologii, zaka\u017ce\u0144 bakteryjnych i grzybiczych sk\u00f3ry, piel\u0119gnacji sk\u00f3ry w \u0142uszczycy, tr\u0105dziku czy te\u017c regeneracji sk\u00f3ry podra\u017cnionej, wysuszonej czy sk\u0142onnej do stan\u00f3w zapalnych. Naturalny ekstrakt z porost\u00f3w mo\u017ce mie\u0107 du\u017ce znaczenie w opracowywaniu receptur dermokosmetyk\u00f3w i preparat\u00f3w leczniczych o aktywno\u015bci regeneracyjnej, stanowi\u0105c alternatyw\u0119 dla syntetycznej postaci tego zwi\u0105zku.<\/p>\n<p><img loading=\"lazy\" class=\"alignnone wp-image-155691\" src=\"https:\/\/up.lublin.pl\/srodowiskowa\/wp-content\/uploads\/sites\/5\/2023\/05\/patent-1.png\" alt=\"\" width=\"779\" height=\"447\" \/><\/p>\n","protected":false},"excerpt":{"rendered":"<p>Z przyjemno\u015bci\u0105 informujemy, \u017ce \u00a0dr hab. Barbara Hawrylak-Nowak, prof. uczelni z Katedry Botaniki i Fizjologii Ro\u015blin Wydzia\u0142u Biologii \u015arodowiskowej jest wsp\u00f3\u0142tw\u00f3rc\u0105 patentu: \u201eWodny ekstrakt alantoiny z porost\u00f3w z rodzaju Physcia i Phaeophyscia do zastosowania w leczeniu ran sk\u00f3ry r\u00f3\u017cnej etiologii, zw\u0142aszcza po oparzeniach czy zaka\u017ceniach grzybicznych.\u201d &nbsp; Uzyskany patent (PL433604A1) jest efektem wsp\u00f3\u0142pracy dr hab. [&hellip;]<\/p>\n","protected":false},"author":202,"featured_media":155702,"comment_status":"closed","ping_status":"open","sticky":false,"template":"","format":"standard","meta":{"_monsterinsights_skip_tracking":false,"_monsterinsights_sitenote_active":false,"_monsterinsights_sitenote_note":"","_monsterinsights_sitenote_category":0},"categories":[24],"tags":[],"_links":{"self":[{"href":"https:\/\/up.lublin.pl\/srodowiskowa\/wp-json\/wp\/v2\/posts\/155682"}],"collection":[{"href":"https:\/\/up.lublin.pl\/srodowiskowa\/wp-json\/wp\/v2\/posts"}],"about":[{"href":"https:\/\/up.lublin.pl\/srodowiskowa\/wp-json\/wp\/v2\/types\/post"}],"author":[{"embeddable":true,"href":"https:\/\/up.lublin.pl\/srodowiskowa\/wp-json\/wp\/v2\/users\/202"}],"replies":[{"embeddable":true,"href":"https:\/\/up.lublin.pl\/srodowiskowa\/wp-json\/wp\/v2\/comments?post=155682"}],"version-history":[{"count":3,"href":"https:\/\/up.lublin.pl\/srodowiskowa\/wp-json\/wp\/v2\/posts\/155682\/revisions"}],"predecessor-version":[{"id":155697,"href":"https:\/\/up.lublin.pl\/srodowiskowa\/wp-json\/wp\/v2\/posts\/155682\/revisions\/155697"}],"wp:featuredmedia":[{"embeddable":true,"href":"https:\/\/up.lublin.pl\/srodowiskowa\/wp-json\/wp\/v2\/media\/155702"}],"wp:attachment":[{"href":"https:\/\/up.lublin.pl\/srodowiskowa\/wp-json\/wp\/v2\/media?parent=155682"}],"wp:term":[{"taxonomy":"category","embeddable":true,"href":"https:\/\/up.lublin.pl\/srodowiskowa\/wp-json\/wp\/v2\/categories?post=155682"},{"taxonomy":"post_tag","embeddable":true,"href":"https:\/\/up.lublin.pl\/srodowiskowa\/wp-json\/wp\/v2\/tags?post=155682"}],"curies":[{"name":"wp","href":"https:\/\/api.w.org\/{rel}","templated":true}]}}