{"id":155269,"date":"2023-03-15T11:48:41","date_gmt":"2023-03-15T10:48:41","guid":{"rendered":"https:\/\/up.lublin.pl\/srodowiskowa\/?p=155269"},"modified":"2023-03-15T12:32:40","modified_gmt":"2023-03-15T11:32:40","slug":"nominacja-dla-wydzialu-biologii-srodowiskowej-w-kategorii-symbol-nowoczesnego-ksztalcenia-2023","status":"publish","type":"post","link":"https:\/\/up.lublin.pl\/srodowiskowa\/nominacja-dla-wydzialu-biologii-srodowiskowej-w-kategorii-symbol-nowoczesnego-ksztalcenia-2023\/","title":{"rendered":"Nominacja dla Wydzia\u0142u Biologii \u015arodowiskowej w kategorii Symbol Nowoczesnego Kszta\u0142cenia 2023"},"content":{"rendered":"<p style=\"text-align: left\">Z przyjemno\u015bci\u0105 informujemy, \u017ce Wydzia\u0142 Biologii \u015arodowiskowej zosta\u0142 nominowany przez Monitor Biznesu i Monitor Rynkowy \u2013 PUBLICITY w kategorii Symbol Nowoczesnego Kszta\u0142cenia 2023.\u00a0<b><i>Symbol<\/i><\/b><i>\u00a0<\/i>to og\u00f3lnopolski program, kt\u00f3rego celem jest promowanie najlepszych, symbolicznych w swoich bran\u017cach podmiot\u00f3w. Zdobycie tytu\u0142u\u00a0<b><i>Symbol\u00a0<\/i><\/b>daje szereg uniwersalnych korzy\u015bci: wzmacnianie wizerunku,\u00a0przyci\u0105ganie odbiorc\u00f3w,\u00a0budowanie przewag i zdobywanie nowych kontakt\u00f3w. Jest to tak\u017ce zauwa\u017cenie stale aktualizowanej i doskonalonej oferty dydaktycznej Wydzia\u0142u Biologii \u015arodowiskowej zgodnie z potrzebami wsp\u00f3\u0142czesnego rynku pracy i spo\u0142ecznych oczekiwa\u0144.<\/p>\n<p>&nbsp;<\/p>\n<p><img loading=\"lazy\" class=\"alignnone size-full wp-image-155276\" src=\"https:\/\/up.lublin.pl\/srodowiskowa\/wp-content\/uploads\/sites\/5\/2023\/03\/list-motywacyny.png\" alt=\"\" width=\"575\" height=\"811\" \/><\/p>\n","protected":false},"excerpt":{"rendered":"<p>Z przyjemno\u015bci\u0105 informujemy, \u017ce Wydzia\u0142 Biologii \u015arodowiskowej zosta\u0142 nominowany przez Monitor Biznesu i Monitor Rynkowy \u2013 PUBLICITY w kategorii Symbol Nowoczesnego Kszta\u0142cenia 2023.\u00a0Symbol\u00a0to og\u00f3lnopolski program, kt\u00f3rego celem jest promowanie najlepszych, symbolicznych w swoich bran\u017cach podmiot\u00f3w. Zdobycie tytu\u0142u\u00a0Symbol\u00a0daje szereg uniwersalnych korzy\u015bci: wzmacnianie wizerunku,\u00a0przyci\u0105ganie odbiorc\u00f3w,\u00a0budowanie przewag i zdobywanie nowych kontakt\u00f3w. Jest to tak\u017ce zauwa\u017cenie stale aktualizowanej i [&hellip;]<\/p>\n","protected":false},"author":202,"featured_media":155292,"comment_status":"closed","ping_status":"open","sticky":false,"template":"","format":"standard","meta":{"_monsterinsights_skip_tracking":false,"_monsterinsights_sitenote_active":false,"_monsterinsights_sitenote_note":"","_monsterinsights_sitenote_category":0},"categories":[24],"tags":[],"_links":{"self":[{"href":"https:\/\/up.lublin.pl\/srodowiskowa\/wp-json\/wp\/v2\/posts\/155269"}],"collection":[{"href":"https:\/\/up.lublin.pl\/srodowiskowa\/wp-json\/wp\/v2\/posts"}],"about":[{"href":"https:\/\/up.lublin.pl\/srodowiskowa\/wp-json\/wp\/v2\/types\/post"}],"author":[{"embeddable":true,"href":"https:\/\/up.lublin.pl\/srodowiskowa\/wp-json\/wp\/v2\/users\/202"}],"replies":[{"embeddable":true,"href":"https:\/\/up.lublin.pl\/srodowiskowa\/wp-json\/wp\/v2\/comments?post=155269"}],"version-history":[{"count":3,"href":"https:\/\/up.lublin.pl\/srodowiskowa\/wp-json\/wp\/v2\/posts\/155269\/revisions"}],"predecessor-version":[{"id":155271,"href":"https:\/\/up.lublin.pl\/srodowiskowa\/wp-json\/wp\/v2\/posts\/155269\/revisions\/155271"}],"wp:featuredmedia":[{"embeddable":true,"href":"https:\/\/up.lublin.pl\/srodowiskowa\/wp-json\/wp\/v2\/media\/155292"}],"wp:attachment":[{"href":"https:\/\/up.lublin.pl\/srodowiskowa\/wp-json\/wp\/v2\/media?parent=155269"}],"wp:term":[{"taxonomy":"category","embeddable":true,"href":"https:\/\/up.lublin.pl\/srodowiskowa\/wp-json\/wp\/v2\/categories?post=155269"},{"taxonomy":"post_tag","embeddable":true,"href":"https:\/\/up.lublin.pl\/srodowiskowa\/wp-json\/wp\/v2\/tags?post=155269"}],"curies":[{"name":"wp","href":"https:\/\/api.w.org\/{rel}","templated":true}]}}