{"id":155148,"date":"2023-03-08T12:28:45","date_gmt":"2023-03-08T11:28:45","guid":{"rendered":"https:\/\/up.lublin.pl\/srodowiskowa\/?p=155148"},"modified":"2023-03-08T12:33:04","modified_gmt":"2023-03-08T11:33:04","slug":"dzien-wody-2023-przyspieszenie-zmian","status":"publish","type":"post","link":"https:\/\/up.lublin.pl\/srodowiskowa\/dzien-wody-2023-przyspieszenie-zmian\/","title":{"rendered":"Dzie\u0144 wody 2023 \u2013 przyspieszenie zmian"},"content":{"rendered":"<div class=\"block-text\">\n<p>&nbsp;<\/p>\n<p style=\"text-align: center\"><strong>Uniwersytet Przyrodniczy w\u00a0Lublinie<\/strong><br \/>\n<strong>Urz\u0105d Marsza\u0142kowski Wojew\u00f3dztwa Lubelskiego w\u00a0Lublinie<\/strong><br \/>\n<strong>Kurier Lubelski<\/strong><\/p>\n<p style=\"text-align: center\">maj\u0105 zaszczyt zaprosi\u0107 do udzia\u0142u w\u00a0debacie<\/p>\n<p>&nbsp;<\/p>\n<h2 style=\"text-align: center\">Dzie\u0144 wody 2023<br \/>\n\u2013 przyspieszenie zmian,<\/h2>\n<p style=\"text-align: center\">kt\u00f3ra odb\u0119dzie si\u0119 <strong>22 marca 2023 roku o\u00a0godzinie 10.00<\/strong><br \/>\nw Centrum Kongresowym Uniwersytetu Przyrodniczego w\u00a0Lublinie<br \/>\nul. Akademicka 15, 20-950 Lublin<\/p>\n<p>&nbsp;<\/p>\n<h1 style=\"text-align: center\">Program wydarzenia:<\/h1>\n<p>&nbsp;<\/p>\n<p style=\"text-align: center\"><strong>10.00-10.15<\/strong><br \/>\n<strong>Powitanie i\u00a0rozpocz\u0119cie debaty z\u00a0okazji Dnia Wody 2023<\/strong><br \/>\nJM Rektor Uniwersytetu Przyrodniczego w\u00a0Lublinie \u2014 Prof. dr hab. Krzysztof Kowalczyk<\/p>\n<p>&nbsp;<\/p>\n<p style=\"text-align: center\"><strong>10.15-11.00<\/strong><br \/>\nI panel dyskusyjny:\u00a0<strong>Woda \u017ar\u00f3d\u0142em \u017cycia<\/strong><br \/>\nProwadz\u0105cy: prof. dr hab. Tomasz Mieczan (Uniwersytet Przyrodniczy w\u00a0Lublinie)<\/p>\n<p style=\"text-align: center\">dr hab. Stanis\u0142aw Chmiel, prof. UMCS (UMCS w\u00a0Lublinie)<\/p>\n<p style=\"text-align: center\">mgr in\u017c. Jaros\u0142aw Szyma\u0144ski (Poleski Park Narodowy)<\/p>\n<p style=\"text-align: center\">dr hab. Jacek Rechulicz (Uniwersytet Przyrodniczy w Lublinie)<\/p>\n<p style=\"text-align: center\">dr Magdalena Toporowska (Uniwersytet Przyrodniczy w\u00a0Lublinie)<\/p>\n<p>&nbsp;<\/p>\n<p style=\"text-align: center\"><strong>11.00-12.00<\/strong><br \/>\nII panel dyskusyjny:\u00a0<strong>Ochrona zasob\u00f3w wodnych \u2013 dobre praktyki i\u00a0dzia\u0142ania<\/strong><br \/>\nProwadz\u0105cy: prof. dr hab. Krzysztof J\u00f3\u017awiakowski (Uniwersytet Przyrodniczy w\u00a0Lublinie)<\/p>\n<p style=\"text-align: center\">prof. dr hab. Tadeusz Siwiec (Uniwersytet Przyrodniczy w\u00a0Lublinie)<\/p>\n<p style=\"text-align: center\">Micha\u0142 Mulawa (Urz\u0105d Marsza\u0142kowski Wojew\u00f3dztwa Lubelskiego w\u00a0Lublinie)<\/p>\n<p style=\"text-align: center\">Grzegorz Lipczuk (Pa\u0144stwowe Gospodarstwo Wodne Wody Polskie \u2013 Regionalny Zarz\u0105d Gospodarki Wodnej w\u00a0Lublinie)<\/p>\n<p style=\"text-align: center\">Tadeusz Grabowski (Roztocza\u0144ski Park Narodowy)<\/p>\n<\/div>\n<div class=\"mn-cards-list\" style=\"text-align: center\">\n<div class=\"mn-card-container\">\n<div>\n<h5><\/h5>\n<\/div>\n<p><a class=\"mn-more\" href=\"https:\/\/docs.google.com\/forms\/d\/e\/1FAIpQLSf_wfKk0eFfOznFF-TBsXksXQ3kJMf8Cr3xPtOI7Ntml3xlKw\/viewform\" target=\"_blank\" rel=\"noopener\">FORMULARZ REJESTRACYJNY<\/a><\/p>\n<\/div>\n<\/div>\n<div class=\"block-text\">\n<p style=\"text-align: center\">Rejestracja do dnia\u00a0<strong>20.03.2023 r.<\/strong>\u00a0Liczba miejsc ograniczona.<\/p>\n<p style=\"text-align: center\">W razie dodatkowych pyta\u0144 prosimy o\u00a0kontakt pod numerem 81 523 06 44 lub e-mail:\u00a0<a href=\"mailto:kiksig@up.lublin.pl\">kiksig@up.lublin.pl<\/a><\/p>\n<\/div>\n<p>&nbsp;<\/p>\n<p style=\"text-align: right\"><em>Serdecznie zapraszam,<\/em><\/p>\n<p style=\"text-align: right\"><em>prof. dr hab. Tomasz Mieczan<\/em><\/p>\n<p style=\"text-align: right\"><em>Dziekan Wydzia\u0142u Biologii \u015arodowiskowej<\/em><\/p>\n","protected":false},"excerpt":{"rendered":"<p>&nbsp; Uniwersytet Przyrodniczy w\u00a0Lublinie Urz\u0105d Marsza\u0142kowski Wojew\u00f3dztwa Lubelskiego w\u00a0Lublinie Kurier Lubelski maj\u0105 zaszczyt zaprosi\u0107 do udzia\u0142u w\u00a0debacie &nbsp; Dzie\u0144 wody 2023 \u2013 przyspieszenie zmian, kt\u00f3ra odb\u0119dzie si\u0119 22 marca 2023 roku o\u00a0godzinie 10.00 w Centrum Kongresowym Uniwersytetu Przyrodniczego w\u00a0Lublinie ul. Akademicka 15, 20-950 Lublin &nbsp; Program wydarzenia: &nbsp; 10.00-10.15 Powitanie i\u00a0rozpocz\u0119cie debaty z\u00a0okazji Dnia Wody [&hellip;]<\/p>\n","protected":false},"author":202,"featured_media":155149,"comment_status":"closed","ping_status":"open","sticky":false,"template":"","format":"standard","meta":{"_monsterinsights_skip_tracking":false,"_monsterinsights_sitenote_active":false,"_monsterinsights_sitenote_note":"","_monsterinsights_sitenote_category":0},"categories":[24],"tags":[],"_links":{"self":[{"href":"https:\/\/up.lublin.pl\/srodowiskowa\/wp-json\/wp\/v2\/posts\/155148"}],"collection":[{"href":"https:\/\/up.lublin.pl\/srodowiskowa\/wp-json\/wp\/v2\/posts"}],"about":[{"href":"https:\/\/up.lublin.pl\/srodowiskowa\/wp-json\/wp\/v2\/types\/post"}],"author":[{"embeddable":true,"href":"https:\/\/up.lublin.pl\/srodowiskowa\/wp-json\/wp\/v2\/users\/202"}],"replies":[{"embeddable":true,"href":"https:\/\/up.lublin.pl\/srodowiskowa\/wp-json\/wp\/v2\/comments?post=155148"}],"version-history":[{"count":6,"href":"https:\/\/up.lublin.pl\/srodowiskowa\/wp-json\/wp\/v2\/posts\/155148\/revisions"}],"predecessor-version":[{"id":155158,"href":"https:\/\/up.lublin.pl\/srodowiskowa\/wp-json\/wp\/v2\/posts\/155148\/revisions\/155158"}],"wp:featuredmedia":[{"embeddable":true,"href":"https:\/\/up.lublin.pl\/srodowiskowa\/wp-json\/wp\/v2\/media\/155149"}],"wp:attachment":[{"href":"https:\/\/up.lublin.pl\/srodowiskowa\/wp-json\/wp\/v2\/media?parent=155148"}],"wp:term":[{"taxonomy":"category","embeddable":true,"href":"https:\/\/up.lublin.pl\/srodowiskowa\/wp-json\/wp\/v2\/categories?post=155148"},{"taxonomy":"post_tag","embeddable":true,"href":"https:\/\/up.lublin.pl\/srodowiskowa\/wp-json\/wp\/v2\/tags?post=155148"}],"curies":[{"name":"wp","href":"https:\/\/api.w.org\/{rel}","templated":true}]}}