{"id":154272,"date":"2023-02-10T13:04:51","date_gmt":"2023-02-10T12:04:51","guid":{"rendered":"https:\/\/up.lublin.pl\/srodowiskowa\/?p=154272"},"modified":"2023-02-10T13:17:53","modified_gmt":"2023-02-10T12:17:53","slug":"pracownicy-wydzial-biologii-srodowiskowej-jako-eksperci-w-mediach","status":"publish","type":"post","link":"https:\/\/up.lublin.pl\/srodowiskowa\/pracownicy-wydzial-biologii-srodowiskowej-jako-eksperci-w-mediach\/","title":{"rendered":"Pracownicy Wydzia\u0142 Biologii \u015arodowiskowej jako eksperci w mediach"},"content":{"rendered":"<ol>\n<li>Pracownicy Wydzia\u0142u Biologii \u015arodowiskowej cz\u0119sto zapraszani s\u0105 jako eksperci do komentowanie wa\u017cnych dla \u015brodowiska przyrodniczego zdarze\u0144. W ostatnim czasie mia\u0142a miejsce wycinka drzew na ogromn\u0105 skal\u0119 wzd\u0142u\u017c rzeki Bug. Zaistnia\u0142\u0105 sytuacj\u0119 ocenia\u0142 Dziekan Wydzia\u0142u Biologii \u015arodowiskowej i kierownik Katedry Hydrobiologii i Ochrony Ekosystem\u00f3w &#8211; prof. dr hab. Tomasz Mieczan. Wi\u0119cej szczeg\u00f3\u0142\u00f3w mo\u017cna znale\u017a\u0107 na stronie Radia Lublin, stronie Super Tygodnia Che\u0142mskiego i Kroniki Tygodnia.<\/li>\n<\/ol>\n<div class=\"other-over-container\">\n<div class=\"other-container\">\n<blockquote class=\"wp-embedded-content\" data-secret=\"UOejCaHrJh\"><p><a href=\"https:\/\/radio.lublin.pl\/2023\/02\/wycial-drzewa-na-terenie-parku-krajobrazowego-mieszkancy-oburzeni-ale-czy-prawo-zostalo-zlamane\/\">Wyci\u0105\u0142 drzewa na terenie parku krajobrazowego. Mieszka\u0144cy oburzeni, ale czy prawo zosta\u0142o z\u0142amane?<\/a><\/p><\/blockquote>\n<p><iframe class=\"wp-embedded-content\" sandbox=\"allow-scripts\" security=\"restricted\" style=\"position: absolute; clip: rect(1px, 1px, 1px, 1px);\" title=\"&#8222;Wyci\u0105\u0142 drzewa na terenie parku krajobrazowego. Mieszka\u0144cy oburzeni, ale czy prawo zosta\u0142o z\u0142amane?&#8221; &#8212; Polskie Radio Lublin\" src=\"https:\/\/radio.lublin.pl\/2023\/02\/wycial-drzewa-na-terenie-parku-krajobrazowego-mieszkancy-oburzeni-ale-czy-prawo-zostalo-zlamane\/embed\/#?secret=yPSeKaKf0q#?secret=UOejCaHrJh\" data-secret=\"UOejCaHrJh\" width=\"500\" height=\"282\" frameborder=\"0\" marginwidth=\"0\" marginheight=\"0\" scrolling=\"no\"><\/iframe><\/div>\n<\/div>\n<p><a href=\"https:\/\/www.supertydzien.pl\/artykul\/19352,powiat-wlodawski-kogo-czeka-sciecie-za-takie-ciecie-nad-bugiem\">https:\/\/www.supertydzien.pl\/artykul\/19352,powiat-wlodawski-kogo-czeka-sciecie-za-takie-ciecie-nad-bugiem<\/a><\/p>\n<p>&nbsp;<\/p>\n<ol start=\"2\">\n<li>O kszta\u0142ceniu w zakresie zmian klimatu mo\u017cna z kolei przeczyta\u0107 w Gazecie Wyborczej \u2013 Biznes. Dziekan Wydzia\u0142u Biologii \u015arodowiskowej prof. dr hab. Tomasz Mieczan przybli\u017ca kszta\u0142cenie na kierunku Zarz\u0105dzanie i adaptacja do zmian klimatu oraz kszta\u0142cenie z zakresu edukacji klimatycznej na innych kierunkach studi\u00f3w realizowanych na WB\u015a (Tytu\u0142 artyku\u0142u: W Polsce ju\u017c kszta\u0142c\u0105 specjalist\u00f3w od globalnej katastrofy).<\/li>\n<\/ol>\n<p><a href=\"https:\/\/wyborcza.biz\/biznes\/7,182270,29183105,w-polsce-juz-ucza-specjalistow-od-globalnej-katastrofy.html\">https:\/\/wyborcza.biz\/biznes\/7,182270,29183105,w-polsce-juz-ucza-specjalistow-od-globalnej-katastrofy.html<\/a><\/p>\n<p>&nbsp;<\/p>\n<ol start=\"3\">\n<li>Z kolei o talasoterapii na antenie TVN (program Dzie\u0144 Dobry TVN, 8.02.2023, godz. 10.30) wypowiada\u0142a si\u0119 dr Magdalena Toporowska (Katedra Hydrobiologii i Ochrony Ekosystem\u00f3w). Pani Doktor przybli\u017cy\u0142a zalety talasoterapii (terapi\u0119 z wykorzystaniem morza) oraz om\u00f3wi\u0142a r\u00f3\u017cne zagadnienia z zakresu biokosmetologii, powi\u0105zane w\u0142a\u015bnie z wod\u0105 morsk\u0105. Wizyta w studio by\u0142a tak\u017ce doskona\u0142\u0105 okazj\u0105 promocji kierunku studi\u00f3w Biokosmetologia na antenie og\u00f3lnopolskiej.<\/li>\n<\/ol>\n<p>&nbsp;<\/p>\n<p><img loading=\"lazy\" class=\"size-full wp-image-154284 aligncenter\" src=\"https:\/\/up.lublin.pl\/srodowiskowa\/wp-content\/uploads\/sites\/5\/2023\/02\/parcownicy-w-mediach-1.png\" alt=\"\" width=\"584\" height=\"386\" \/><\/p>\n","protected":false},"excerpt":{"rendered":"<p>Pracownicy Wydzia\u0142u Biologii \u015arodowiskowej cz\u0119sto zapraszani s\u0105 jako eksperci do komentowanie wa\u017cnych dla \u015brodowiska przyrodniczego zdarze\u0144. W ostatnim czasie mia\u0142a miejsce wycinka drzew na ogromn\u0105 skal\u0119 wzd\u0142u\u017c rzeki Bug. Zaistnia\u0142\u0105 sytuacj\u0119 ocenia\u0142 Dziekan Wydzia\u0142u Biologii \u015arodowiskowej i kierownik Katedry Hydrobiologii i Ochrony Ekosystem\u00f3w &#8211; prof. dr hab. Tomasz Mieczan. Wi\u0119cej szczeg\u00f3\u0142\u00f3w mo\u017cna znale\u017a\u0107 na stronie [&hellip;]<\/p>\n","protected":false},"author":202,"featured_media":154284,"comment_status":"closed","ping_status":"open","sticky":false,"template":"","format":"standard","meta":{"_monsterinsights_skip_tracking":false,"_monsterinsights_sitenote_active":false,"_monsterinsights_sitenote_note":"","_monsterinsights_sitenote_category":0},"categories":[24],"tags":[],"_links":{"self":[{"href":"https:\/\/up.lublin.pl\/srodowiskowa\/wp-json\/wp\/v2\/posts\/154272"}],"collection":[{"href":"https:\/\/up.lublin.pl\/srodowiskowa\/wp-json\/wp\/v2\/posts"}],"about":[{"href":"https:\/\/up.lublin.pl\/srodowiskowa\/wp-json\/wp\/v2\/types\/post"}],"author":[{"embeddable":true,"href":"https:\/\/up.lublin.pl\/srodowiskowa\/wp-json\/wp\/v2\/users\/202"}],"replies":[{"embeddable":true,"href":"https:\/\/up.lublin.pl\/srodowiskowa\/wp-json\/wp\/v2\/comments?post=154272"}],"version-history":[{"count":10,"href":"https:\/\/up.lublin.pl\/srodowiskowa\/wp-json\/wp\/v2\/posts\/154272\/revisions"}],"predecessor-version":[{"id":154290,"href":"https:\/\/up.lublin.pl\/srodowiskowa\/wp-json\/wp\/v2\/posts\/154272\/revisions\/154290"}],"wp:featuredmedia":[{"embeddable":true,"href":"https:\/\/up.lublin.pl\/srodowiskowa\/wp-json\/wp\/v2\/media\/154284"}],"wp:attachment":[{"href":"https:\/\/up.lublin.pl\/srodowiskowa\/wp-json\/wp\/v2\/media?parent=154272"}],"wp:term":[{"taxonomy":"category","embeddable":true,"href":"https:\/\/up.lublin.pl\/srodowiskowa\/wp-json\/wp\/v2\/categories?post=154272"},{"taxonomy":"post_tag","embeddable":true,"href":"https:\/\/up.lublin.pl\/srodowiskowa\/wp-json\/wp\/v2\/tags?post=154272"}],"curies":[{"name":"wp","href":"https:\/\/api.w.org\/{rel}","templated":true}]}}