{"id":154244,"date":"2023-02-10T12:58:04","date_gmt":"2023-02-10T11:58:04","guid":{"rendered":"https:\/\/up.lublin.pl\/srodowiskowa\/?p=154244"},"modified":"2023-02-10T13:01:36","modified_gmt":"2023-02-10T12:01:36","slug":"iv-krajowa-konferencja-zooplanktonowa-pt-wplyw-zmian-klimatu-na-funkcjonowanie-zespolow-zooplanktonu","status":"publish","type":"post","link":"https:\/\/up.lublin.pl\/srodowiskowa\/iv-krajowa-konferencja-zooplanktonowa-pt-wplyw-zmian-klimatu-na-funkcjonowanie-zespolow-zooplanktonu\/","title":{"rendered":"IV Krajowa Konferencja Zooplanktonowa pt.: \u201eWp\u0142yw zmian klimatu na funkcjonowanie zespo\u0142\u00f3w zooplanktonu\u201d"},"content":{"rendered":"<p><span style=\"font-size: medium\">Szanowni Pa\u0144stwo,<\/span><\/p>\n<p>&nbsp;<\/p>\n<p class=\"mcntmcntMsoNormal\"><span style=\"font-size: medium\">W imieniu organizator\u00f3w mam zaszczyt zaprosi\u0107 Pa\u0144stwa do udzia\u0142u w IV Krajowej Konferencji Zooplanktonowej pt.: \u201eWp\u0142yw zmian klimatu na funkcjonowanie zespo\u0142\u00f3w zooplanktonu\u201d, kt\u00f3ra odb\u0119dzie si\u0119 w\u00a0O\u015brodku Edukacji Ekologicznej Lasy Janowskie w Janowie Lubelskim\u00a0w dniach 8-10 maja 2023 roku.<\/span><\/p>\n<p>&nbsp;<\/p>\n<p><span style=\"font-size: medium\">Wszystkie niezb\u0119dne informacje znajdziecie Pa\u0144stwo w za\u0142\u0105cznikach.<\/span><\/p>\n<ol>\n<li><a href=\"https:\/\/up.lublin.pl\/srodowiskowa\/wp-content\/uploads\/sites\/5\/2023\/02\/Komunikat-Konf.-Zoopl.doc\">Komunikat Konf. Zoopl<\/a><\/li>\n<li><a href=\"https:\/\/up.lublin.pl\/srodowiskowa\/wp-content\/uploads\/sites\/5\/2023\/02\/Formularz-zgloszeniowy-Konf.-Zoopl.docx\">Formularz zgloszeniowy Konf. Zoopl<\/a><\/li>\n<li><a href=\"https:\/\/up.lublin.pl\/srodowiskowa\/wp-content\/uploads\/sites\/5\/2023\/02\/Wzor-abstraktu.docx\">Wz\u00f3r abstraktu<\/a><\/li>\n<\/ol>\n<p>&nbsp;<\/p>\n<p><span style=\"font-size: medium\">Uprzejmie prosz\u0119 o upowszechnienie informacji na temat konferencji w\u015br\u00f3d innych badaczy i student\u00f3w.<\/span><\/p>\n<p>&nbsp;<\/p>\n<p style=\"text-align: right\"><span style=\"font-size: medium\">Serdecznie pozdrawiam,<\/span><\/p>\n<p style=\"text-align: right\"><span style=\"font-size: medium\">Prof. dr hab. Tomasz Mieczan<\/span><\/p>\n","protected":false},"excerpt":{"rendered":"<p>Szanowni Pa\u0144stwo, &nbsp; W imieniu organizator\u00f3w mam zaszczyt zaprosi\u0107 Pa\u0144stwa do udzia\u0142u w IV Krajowej Konferencji Zooplanktonowej pt.: \u201eWp\u0142yw zmian klimatu na funkcjonowanie zespo\u0142\u00f3w zooplanktonu\u201d, kt\u00f3ra odb\u0119dzie si\u0119 w\u00a0O\u015brodku Edukacji Ekologicznej Lasy Janowskie w Janowie Lubelskim\u00a0w dniach 8-10 maja 2023 roku. &nbsp; Wszystkie niezb\u0119dne informacje znajdziecie Pa\u0144stwo w za\u0142\u0105cznikach. Komunikat Konf. Zoopl Formularz zgloszeniowy Konf. [&hellip;]<\/p>\n","protected":false},"author":202,"featured_media":154268,"comment_status":"closed","ping_status":"open","sticky":false,"template":"","format":"standard","meta":{"_monsterinsights_skip_tracking":false,"_monsterinsights_sitenote_active":false,"_monsterinsights_sitenote_note":"","_monsterinsights_sitenote_category":0},"categories":[24],"tags":[],"_links":{"self":[{"href":"https:\/\/up.lublin.pl\/srodowiskowa\/wp-json\/wp\/v2\/posts\/154244"}],"collection":[{"href":"https:\/\/up.lublin.pl\/srodowiskowa\/wp-json\/wp\/v2\/posts"}],"about":[{"href":"https:\/\/up.lublin.pl\/srodowiskowa\/wp-json\/wp\/v2\/types\/post"}],"author":[{"embeddable":true,"href":"https:\/\/up.lublin.pl\/srodowiskowa\/wp-json\/wp\/v2\/users\/202"}],"replies":[{"embeddable":true,"href":"https:\/\/up.lublin.pl\/srodowiskowa\/wp-json\/wp\/v2\/comments?post=154244"}],"version-history":[{"count":4,"href":"https:\/\/up.lublin.pl\/srodowiskowa\/wp-json\/wp\/v2\/posts\/154244\/revisions"}],"predecessor-version":[{"id":154267,"href":"https:\/\/up.lublin.pl\/srodowiskowa\/wp-json\/wp\/v2\/posts\/154244\/revisions\/154267"}],"wp:featuredmedia":[{"embeddable":true,"href":"https:\/\/up.lublin.pl\/srodowiskowa\/wp-json\/wp\/v2\/media\/154268"}],"wp:attachment":[{"href":"https:\/\/up.lublin.pl\/srodowiskowa\/wp-json\/wp\/v2\/media?parent=154244"}],"wp:term":[{"taxonomy":"category","embeddable":true,"href":"https:\/\/up.lublin.pl\/srodowiskowa\/wp-json\/wp\/v2\/categories?post=154244"},{"taxonomy":"post_tag","embeddable":true,"href":"https:\/\/up.lublin.pl\/srodowiskowa\/wp-json\/wp\/v2\/tags?post=154244"}],"curies":[{"name":"wp","href":"https:\/\/api.w.org\/{rel}","templated":true}]}}