{"id":153843,"date":"2023-01-26T10:50:08","date_gmt":"2023-01-26T09:50:08","guid":{"rendered":"https:\/\/up.lublin.pl\/srodowiskowa\/?p=153843"},"modified":"2023-01-27T10:26:03","modified_gmt":"2023-01-27T09:26:03","slug":"wspolpraca-z-cosmetic-valley-association-francja","status":"publish","type":"post","link":"https:\/\/up.lublin.pl\/srodowiskowa\/wspolpraca-z-cosmetic-valley-association-francja\/","title":{"rendered":"Projekt mi\u0119dzynarodowy we wsp\u00f3\u0142pracy z Cosmetic Valley Association (Francja)"},"content":{"rendered":"<p>Z satysfakcj\u0105 informujemy, \u017ce Uniwersytet Przyrodniczy b\u0119dzie realizowa\u0142 projekt <strong>pt. <\/strong><em>Improve Interconnected innovation ecosystems supporting Actions for Citizen awareness and Twin Transition in the entire cosmetic value chain (ACTT4Cosmetics)<\/em><strong>, kt\u00f3ry otrzyma\u0142 dofinansowanie w konkursie <\/strong><strong>HORIZON-EIE-2022 <\/strong><strong>European Innovation Ecosystem. <\/strong><strong>Koordynatorem inicjatywy jest Cosmetic Valley Association (Francja). <\/strong><\/p>\n<p>&nbsp;<\/p>\n<p>W przygotowaniu wniosku uczestniczy\u0142a <strong>prof. dr hab. Bo\u017cena Denisow<\/strong>, kierownik Katedry Botaniki i Fizjologii Ro\u015blin (WB\u015a) oraz pracownicy Wydzia\u0142u Nauk o \u017bywno\u015bci i Biotechnologii i Wydzia\u0142u In\u017cynierii Produkcji.<\/p>\n<p>&nbsp;<\/p>\n<p>Celem projektu jest stworzenie warunk\u00f3w i stymulowanie wsp\u00f3\u0142pracy r\u00f3\u017cnych interesariuszy sektora przemys\u0142u kosmetycznego w Europie (firm, samorz\u0105d\u00f3w, klastr\u00f3w, o\u015brodk\u00f3w naukowo-badawczych). Aktywno\u015b\u0107 i mobilno\u015b\u0107 grup roboczych w ramach konsorcjum b\u0119dzie skupia\u0142a si\u0119 m.in. na opracowaniu projekt\u00f3w o du\u017cym stopniu innowacyjno\u015bci. Dzia\u0142ania b\u0119d\u0105 dotyczy\u0142y ka\u017cdego komponentu bran\u017cy kosmetycznej (<strong>od surowca do produktu ko\u0144cowego<\/strong>) i skoncentruj\u0105 si\u0119 na tematach: Digital transition; Green transition; Citizen and consumer awareness.<\/p>\n<p>&nbsp;<\/p>\n<p>Dzia\u0142ania grup roboczych b\u0119d\u0105 d\u0105\u017cy\u0142y od wprowadzenia rozwi\u0105za\u0144 innowacyjnych w zakresie pozyskiwania, projektowania i wdra\u017cania nowych \u017ar\u00f3de\u0142 zwi\u0105zk\u00f3w bioaktywnych do produkcji kosmetyk\u00f3w.<\/p>\n<p>&nbsp;<\/p>\n<p style=\"text-align: center\"><img loading=\"lazy\" class=\"alignnone  wp-image-153870\" src=\"https:\/\/up.lublin.pl\/srodowiskowa\/wp-content\/uploads\/sites\/5\/2023\/01\/wloski-Ernest.jpg\" alt=\"\" width=\"639\" height=\"273\" \/><\/p>\n<p style=\"text-align: center\">Metabolity we w\u0142oskach wydzielniczych (fot. A. Konarska)<\/p>\n<p>&nbsp;<\/p>\n","protected":false},"excerpt":{"rendered":"<p>Z satysfakcj\u0105 informujemy, \u017ce Uniwersytet Przyrodniczy b\u0119dzie realizowa\u0142 projekt pt. Improve Interconnected innovation ecosystems supporting Actions for Citizen awareness and Twin Transition in the entire cosmetic value chain (ACTT4Cosmetics), kt\u00f3ry otrzyma\u0142 dofinansowanie w konkursie HORIZON-EIE-2022 European Innovation Ecosystem. Koordynatorem inicjatywy jest Cosmetic Valley Association (Francja). &nbsp; W przygotowaniu wniosku uczestniczy\u0142a prof. dr hab. Bo\u017cena Denisow, [&hellip;]<\/p>\n","protected":false},"author":201,"featured_media":152313,"comment_status":"closed","ping_status":"open","sticky":false,"template":"","format":"standard","meta":{"_monsterinsights_skip_tracking":false,"_monsterinsights_sitenote_active":false,"_monsterinsights_sitenote_note":"","_monsterinsights_sitenote_category":0},"categories":[24],"tags":[],"_links":{"self":[{"href":"https:\/\/up.lublin.pl\/srodowiskowa\/wp-json\/wp\/v2\/posts\/153843"}],"collection":[{"href":"https:\/\/up.lublin.pl\/srodowiskowa\/wp-json\/wp\/v2\/posts"}],"about":[{"href":"https:\/\/up.lublin.pl\/srodowiskowa\/wp-json\/wp\/v2\/types\/post"}],"author":[{"embeddable":true,"href":"https:\/\/up.lublin.pl\/srodowiskowa\/wp-json\/wp\/v2\/users\/201"}],"replies":[{"embeddable":true,"href":"https:\/\/up.lublin.pl\/srodowiskowa\/wp-json\/wp\/v2\/comments?post=153843"}],"version-history":[{"count":5,"href":"https:\/\/up.lublin.pl\/srodowiskowa\/wp-json\/wp\/v2\/posts\/153843\/revisions"}],"predecessor-version":[{"id":153875,"href":"https:\/\/up.lublin.pl\/srodowiskowa\/wp-json\/wp\/v2\/posts\/153843\/revisions\/153875"}],"wp:featuredmedia":[{"embeddable":true,"href":"https:\/\/up.lublin.pl\/srodowiskowa\/wp-json\/wp\/v2\/media\/152313"}],"wp:attachment":[{"href":"https:\/\/up.lublin.pl\/srodowiskowa\/wp-json\/wp\/v2\/media?parent=153843"}],"wp:term":[{"taxonomy":"category","embeddable":true,"href":"https:\/\/up.lublin.pl\/srodowiskowa\/wp-json\/wp\/v2\/categories?post=153843"},{"taxonomy":"post_tag","embeddable":true,"href":"https:\/\/up.lublin.pl\/srodowiskowa\/wp-json\/wp\/v2\/tags?post=153843"}],"curies":[{"name":"wp","href":"https:\/\/api.w.org\/{rel}","templated":true}]}}