{"id":153317,"date":"2023-01-12T09:58:22","date_gmt":"2023-01-12T08:58:22","guid":{"rendered":"https:\/\/up.lublin.pl\/srodowiskowa\/?p=153317"},"modified":"2023-01-21T09:39:01","modified_gmt":"2023-01-21T08:39:01","slug":"projekt-z-wydzialu-biologii-srodowiskowej-z-finansowaniem-w-ramach-akademickiego-budzetu-partycypacyjnego-zwiazku-uczelni-lubelskich","status":"publish","type":"post","link":"https:\/\/up.lublin.pl\/srodowiskowa\/projekt-z-wydzialu-biologii-srodowiskowej-z-finansowaniem-w-ramach-akademickiego-budzetu-partycypacyjnego-zwiazku-uczelni-lubelskich\/","title":{"rendered":"Projekt z Wydzia\u0142u Biologii \u015arodowiskowej z finansowaniem w ramach Akademickiego Bud\u017cetu Partycypacyjnego Zwi\u0105zku Uczelni Lubelskich"},"content":{"rendered":"<p><span id=\"ext-gen1567\">Szanowni Pa\u0144stwo z przyjemno\u015bci\u0105 informujemy, \u017ce projekt pt.: \u201eZalew Zemborzycki i rzeka Bystrzyca pod lup\u0105 \u2013 jakie zagro\u017cenia skrywaj\u0105? Czas je pozna\u0107\u201d zaj\u0105\u0142 drugie miejsce w g\u0142osowaniu w ramach Akademickiego Bud\u017cetu Partycypacyjnego Zwi\u0105zku Uczelni Lubelskich. Celem projektu b\u0119dzie zbadanie w\u00f3d i osad\u00f3w dennych zalewu oraz rzeki pod k\u0105tem zanieczyszczenia wybranymi pestycydami, lekami (w tym hormonalnymi), metalami ci\u0119\u017ckimi i toksynami sinicowymi. Wykonane zostan\u0105 tak\u017ce badania toksyczno\u015bci ostrej substancji wyst\u0119puj\u0105cych w pr\u00f3bach wody w najwi\u0119kszej ilo\u015bci. Projekt pos\u0142u\u017cy podniesieniu \u015bwiadomo\u015bci spo\u0142eczno\u015bci akademickiej oraz mieszka\u0144c\u00f3w Lublina na temat zagro\u017ce\u0144 zwi\u0105zanych z eutrofizacj\u0105 i zanieczyszczeniem w\u00f3d powierzchniowych, a w przysz\u0142o\u015bci mo\u017ce pom\u00f3c w opracowaniu metod zapobiegania zanieczyszczeniom oraz przywr\u00f3ceniu rekreacyjnej funkcji akwenu i rzeki. Projekt b\u0119dzie realizowany przez cztery lubelskie uczelnie. Z ramienia Uniwersytetu Przyrodniczego w Lublinie prace badawcze b\u0119d\u0105 wykonywane przez pracownik\u00f3w Katedry Hydrobiologii i Ochrony Ekosystem\u00f3w Wydzia\u0142u Biologii \u015arodowiskowej oraz student\u00f3w Ko\u0142a Naukowego Hydrobiologii i Ochrony \u015arodowiska.\u00a0<\/span><\/p>\n","protected":false},"excerpt":{"rendered":"<p>Szanowni Pa\u0144stwo z przyjemno\u015bci\u0105 informujemy, \u017ce projekt pt.: \u201eZalew Zemborzycki i rzeka Bystrzyca pod lup\u0105 \u2013 jakie zagro\u017cenia skrywaj\u0105? Czas je pozna\u0107\u201d zaj\u0105\u0142 drugie miejsce w g\u0142osowaniu w ramach Akademickiego Bud\u017cetu Partycypacyjnego Zwi\u0105zku Uczelni Lubelskich. Celem projektu b\u0119dzie zbadanie w\u00f3d i osad\u00f3w dennych zalewu oraz rzeki pod k\u0105tem zanieczyszczenia wybranymi pestycydami, lekami (w tym hormonalnymi), [&hellip;]<\/p>\n","protected":false},"author":201,"featured_media":152313,"comment_status":"closed","ping_status":"open","sticky":false,"template":"","format":"standard","meta":{"_monsterinsights_skip_tracking":false,"_monsterinsights_sitenote_active":false,"_monsterinsights_sitenote_note":"","_monsterinsights_sitenote_category":0},"categories":[24],"tags":[],"_links":{"self":[{"href":"https:\/\/up.lublin.pl\/srodowiskowa\/wp-json\/wp\/v2\/posts\/153317"}],"collection":[{"href":"https:\/\/up.lublin.pl\/srodowiskowa\/wp-json\/wp\/v2\/posts"}],"about":[{"href":"https:\/\/up.lublin.pl\/srodowiskowa\/wp-json\/wp\/v2\/types\/post"}],"author":[{"embeddable":true,"href":"https:\/\/up.lublin.pl\/srodowiskowa\/wp-json\/wp\/v2\/users\/201"}],"replies":[{"embeddable":true,"href":"https:\/\/up.lublin.pl\/srodowiskowa\/wp-json\/wp\/v2\/comments?post=153317"}],"version-history":[{"count":1,"href":"https:\/\/up.lublin.pl\/srodowiskowa\/wp-json\/wp\/v2\/posts\/153317\/revisions"}],"predecessor-version":[{"id":153318,"href":"https:\/\/up.lublin.pl\/srodowiskowa\/wp-json\/wp\/v2\/posts\/153317\/revisions\/153318"}],"wp:featuredmedia":[{"embeddable":true,"href":"https:\/\/up.lublin.pl\/srodowiskowa\/wp-json\/wp\/v2\/media\/152313"}],"wp:attachment":[{"href":"https:\/\/up.lublin.pl\/srodowiskowa\/wp-json\/wp\/v2\/media?parent=153317"}],"wp:term":[{"taxonomy":"category","embeddable":true,"href":"https:\/\/up.lublin.pl\/srodowiskowa\/wp-json\/wp\/v2\/categories?post=153317"},{"taxonomy":"post_tag","embeddable":true,"href":"https:\/\/up.lublin.pl\/srodowiskowa\/wp-json\/wp\/v2\/tags?post=153317"}],"curies":[{"name":"wp","href":"https:\/\/api.w.org\/{rel}","templated":true}]}}