{"id":153134,"date":"2022-12-08T10:15:59","date_gmt":"2022-12-08T09:15:59","guid":{"rendered":"https:\/\/up.lublin.pl\/srodowiskowa\/?p=153134"},"modified":"2022-12-13T10:13:03","modified_gmt":"2022-12-13T09:13:03","slug":"dr-hab-luis-inostroza-uczestniczyl-w-pracach-badawczo-naukowych-realizowane-w-katedrze-hydrobiologii-i-ochrony-ekosystemow","status":"publish","type":"post","link":"https:\/\/up.lublin.pl\/srodowiskowa\/dr-hab-luis-inostroza-uczestniczyl-w-pracach-badawczo-naukowych-realizowane-w-katedrze-hydrobiologii-i-ochrony-ekosystemow\/","title":{"rendered":"Dr hab. Luis Inostroza uczestniczy\u0142 w pracach badawczo-naukowych realizowanych w Katedrze Hydrobiologii i Ochrony Ekosystem\u00f3w"},"content":{"rendered":"<p>W dniach 21 &#8211; 26 listopada 2022 roku w Uniwersytecie Przyrodniczym w Lublinie na zaproszenie Szko\u0142y Doktorskiej, go\u015bci\u0142 dr hab.\u00a0Luis Inostroza\u00a0reprezentuj\u0105cy Institute of Geography, The Ruhr-University, Bochum (Niemcy) oraz Mendel University in Brno (Czechy).<\/p>\n<p>&nbsp;<\/p>\n<p>Wizyta zosta\u0142a zrealizowana przy wsparciu finansowym Gminy Lublin, w\u00a0ramach Programu \u201eVisiting Professors in Lublin\u201d \u2013 Edycja I.<\/p>\n<p>&nbsp;<\/p>\n<p>W ramach wizyty dr hab. Luis Inostroza uczestniczy\u0142 w pracach badawczo-naukowych realizowanych w Katedrze Hydrobiologii i Ochrony Ekosystem\u00f3w Uniwersytetu Przyrodniczego w Lublinie pod kierunkiem pani dr hab. Barbary Sowi\u0144skiej-\u015awierkosz, prof. uczelni. Prace dotyczy\u0142y identyfikacji i wyceny us\u0142ug ekosystemowych dostarczanych przez Zalew Zemborzycki w Lublinie.<\/p>\n<p>&nbsp;<\/p>\n<p style=\"text-align: center\"><img loading=\"lazy\" class=\"alignnone wp-image-153135\" src=\"https:\/\/up.lublin.pl\/srodowiskowa\/wp-content\/uploads\/sites\/5\/2022\/12\/Obraz1.jpg\" alt=\"\" width=\"850\" height=\"566\" \/><\/p>\n<p>&nbsp;<\/p>\n<p style=\"text-align: center\"><img loading=\"lazy\" class=\"alignnone wp-image-153139\" src=\"https:\/\/up.lublin.pl\/srodowiskowa\/wp-content\/uploads\/sites\/5\/2022\/12\/Obraz2.jpg\" alt=\"\" width=\"850\" height=\"566\" \/><\/p>\n<p>&nbsp;<\/p>\n<p>Dr hab.\u00a0Luis Inostroza\u00a0przeprowadzi\u0142 r\u00f3wnie\u017c warsztaty skierowane do student\u00f3w kierunk\u00f3w Ochrona \u015arodowiska oraz Zarz\u0105dzanie i\u00a0adaptacja do zmian klimatu\u00a0 naszego Uniwersytetu. Tematyka zaj\u0119\u0107 dotyczy\u0142a identyfikacji us\u0142ug ekosystemowych dostarczanych przez zielon\u0105 i niebiesk\u0105 infrastruktur\u0119 miasta Lublin.<\/p>\n<p>&nbsp;<\/p>\n<p style=\"text-align: center\"><img loading=\"lazy\" class=\"alignnone wp-image-153143\" src=\"https:\/\/up.lublin.pl\/srodowiskowa\/wp-content\/uploads\/sites\/5\/2022\/12\/Obraz3.jpg\" alt=\"\" width=\"850\" height=\"567\" \/><\/p>\n<p>&nbsp;<\/p>\n<p style=\"text-align: center\"><img loading=\"lazy\" class=\"alignnone wp-image-153147\" src=\"https:\/\/up.lublin.pl\/srodowiskowa\/wp-content\/uploads\/sites\/5\/2022\/12\/Obraz4.jpg\" alt=\"\" width=\"850\" height=\"566\" \/><\/p>\n<p>&nbsp;<\/p>\n<p style=\"text-align: center\"><img loading=\"lazy\" class=\"alignnone wp-image-153151\" src=\"https:\/\/up.lublin.pl\/srodowiskowa\/wp-content\/uploads\/sites\/5\/2022\/12\/Obraz5.jpg\" alt=\"\" width=\"850\" height=\"567\" \/><\/p>\n<p>&nbsp;<\/p>\n<p>&nbsp;<\/p>\n","protected":false},"excerpt":{"rendered":"<p>W dniach 21 &#8211; 26 listopada 2022 roku w Uniwersytecie Przyrodniczym w Lublinie na zaproszenie Szko\u0142y Doktorskiej, go\u015bci\u0142 dr hab.\u00a0Luis Inostroza\u00a0reprezentuj\u0105cy Institute of Geography, The Ruhr-University, Bochum (Niemcy) oraz Mendel University in Brno (Czechy). &nbsp; Wizyta zosta\u0142a zrealizowana przy wsparciu finansowym Gminy Lublin, w\u00a0ramach Programu \u201eVisiting Professors in Lublin\u201d \u2013 Edycja I. &nbsp; W ramach [&hellip;]<\/p>\n","protected":false},"author":201,"featured_media":153135,"comment_status":"closed","ping_status":"open","sticky":false,"template":"","format":"standard","meta":{"_monsterinsights_skip_tracking":false,"_monsterinsights_sitenote_active":false,"_monsterinsights_sitenote_note":"","_monsterinsights_sitenote_category":0},"categories":[24],"tags":[],"_links":{"self":[{"href":"https:\/\/up.lublin.pl\/srodowiskowa\/wp-json\/wp\/v2\/posts\/153134"}],"collection":[{"href":"https:\/\/up.lublin.pl\/srodowiskowa\/wp-json\/wp\/v2\/posts"}],"about":[{"href":"https:\/\/up.lublin.pl\/srodowiskowa\/wp-json\/wp\/v2\/types\/post"}],"author":[{"embeddable":true,"href":"https:\/\/up.lublin.pl\/srodowiskowa\/wp-json\/wp\/v2\/users\/201"}],"replies":[{"embeddable":true,"href":"https:\/\/up.lublin.pl\/srodowiskowa\/wp-json\/wp\/v2\/comments?post=153134"}],"version-history":[{"count":4,"href":"https:\/\/up.lublin.pl\/srodowiskowa\/wp-json\/wp\/v2\/posts\/153134\/revisions"}],"predecessor-version":[{"id":153158,"href":"https:\/\/up.lublin.pl\/srodowiskowa\/wp-json\/wp\/v2\/posts\/153134\/revisions\/153158"}],"wp:featuredmedia":[{"embeddable":true,"href":"https:\/\/up.lublin.pl\/srodowiskowa\/wp-json\/wp\/v2\/media\/153135"}],"wp:attachment":[{"href":"https:\/\/up.lublin.pl\/srodowiskowa\/wp-json\/wp\/v2\/media?parent=153134"}],"wp:term":[{"taxonomy":"category","embeddable":true,"href":"https:\/\/up.lublin.pl\/srodowiskowa\/wp-json\/wp\/v2\/categories?post=153134"},{"taxonomy":"post_tag","embeddable":true,"href":"https:\/\/up.lublin.pl\/srodowiskowa\/wp-json\/wp\/v2\/tags?post=153134"}],"curies":[{"name":"wp","href":"https:\/\/api.w.org\/{rel}","templated":true}]}}