{"id":153041,"date":"2022-12-06T10:24:36","date_gmt":"2022-12-06T09:24:36","guid":{"rendered":"https:\/\/up.lublin.pl\/srodowiskowa\/?p=153041"},"modified":"2022-12-08T09:49:00","modified_gmt":"2022-12-08T08:49:00","slug":"nagroda-dla-studentow-wydzialu-biologii-srodowiskowej","status":"publish","type":"post","link":"https:\/\/up.lublin.pl\/srodowiskowa\/nagroda-dla-studentow-wydzialu-biologii-srodowiskowej\/","title":{"rendered":"Nagroda dla student\u00f3w Wydzia\u0142u Biologii \u015arodowiskowej"},"content":{"rendered":"<p class=\"mcntMsoNormal\"><span class=\"mcntx4k7w5x\"><span id=\"ext-gen1654\">W dniu 1 grudnia cz\u0142onkowie Studenckiego Ko\u0142a Hydrobiologii i Ochrony \u015arodowiska uczestniczyli w VIII Og\u00f3lnopolskiej Sesji Studenckich K\u00f3\u0142 Naukowych organizowanej przez Zachodniopomorski Uniwersytet Technologiczny w Szczecinie. <\/span><\/span><\/p>\n<p>&nbsp;<\/p>\n<p style=\"text-align: center\"><img loading=\"lazy\" class=\"alignnone wp-image-153042\" src=\"https:\/\/up.lublin.pl\/srodowiskowa\/wp-content\/uploads\/sites\/5\/2022\/12\/307978936_508532191281584_5760367836217017304_n-540x280-1.jpg\" alt=\"\" width=\"790\" height=\"410\" \/><\/p>\n<p class=\"mcntMsoNormal\"><span class=\"mcntx4k7w5x\"><span id=\"ext-gen1654\">Z przyjemno\u015bci\u0105 informujemy, \u017ce prezentowany referat pt.: &#8220;STRUKTURA GATUNKOWA PLUSKWIAK\u00d3W WODNYCH W ASTATYCZNYCH ZBIORNIKACH \u015aR\u00d3DPOLNYCH WOJEW\u00d3DZTWA LUBELSKIEGO&#8221; (Referuj\u0105cy: Julia G\u00f3rska i Anna Grybo\u015b, opiekun naukowy: dr Wojciech P\u0142aska) zosta\u0142 nagrodzony III miejscem w konkursie na najlepsz\u0105 prezentacj\u0119.<\/span><\/span><\/p>\n<p>&nbsp;<\/p>\n<p style=\"text-align: center\"><img loading=\"lazy\" class=\"alignnone wp-image-153046\" src=\"https:\/\/up.lublin.pl\/srodowiskowa\/wp-content\/uploads\/sites\/5\/2022\/12\/IMG_20221204_135330.jpg\" alt=\"\" width=\"790\" height=\"448\" \/><\/p>\n<p>&nbsp;<\/p>\n<p style=\"text-align: center\"><img loading=\"lazy\" class=\"alignnone wp-image-153050\" src=\"https:\/\/up.lublin.pl\/srodowiskowa\/wp-content\/uploads\/sites\/5\/2022\/12\/IMG_20221205_203420.jpg\" alt=\"\" width=\"790\" height=\"790\" \/><\/p>\n<p class=\"mcntMsoNormal\" style=\"text-align: right\"><span class=\"mcntx4k7w5x\">Serdecznie gratulujemy!!!<\/span><\/p>\n","protected":false},"excerpt":{"rendered":"<p>W dniu 1 grudnia cz\u0142onkowie Studenckiego Ko\u0142a Hydrobiologii i Ochrony \u015arodowiska uczestniczyli w VIII Og\u00f3lnopolskiej Sesji Studenckich K\u00f3\u0142 Naukowych organizowanej przez Zachodniopomorski Uniwersytet Technologiczny w Szczecinie. &nbsp; Z przyjemno\u015bci\u0105 informujemy, \u017ce prezentowany referat pt.: &#8220;STRUKTURA GATUNKOWA PLUSKWIAK\u00d3W WODNYCH W ASTATYCZNYCH ZBIORNIKACH \u015aR\u00d3DPOLNYCH WOJEW\u00d3DZTWA LUBELSKIEGO&#8221; (Referuj\u0105cy: Julia G\u00f3rska i Anna Grybo\u015b, opiekun naukowy: dr Wojciech P\u0142aska) [&hellip;]<\/p>\n","protected":false},"author":201,"featured_media":152313,"comment_status":"closed","ping_status":"open","sticky":false,"template":"","format":"standard","meta":{"_monsterinsights_skip_tracking":false,"_monsterinsights_sitenote_active":false,"_monsterinsights_sitenote_note":"","_monsterinsights_sitenote_category":0},"categories":[24],"tags":[],"_links":{"self":[{"href":"https:\/\/up.lublin.pl\/srodowiskowa\/wp-json\/wp\/v2\/posts\/153041"}],"collection":[{"href":"https:\/\/up.lublin.pl\/srodowiskowa\/wp-json\/wp\/v2\/posts"}],"about":[{"href":"https:\/\/up.lublin.pl\/srodowiskowa\/wp-json\/wp\/v2\/types\/post"}],"author":[{"embeddable":true,"href":"https:\/\/up.lublin.pl\/srodowiskowa\/wp-json\/wp\/v2\/users\/201"}],"replies":[{"embeddable":true,"href":"https:\/\/up.lublin.pl\/srodowiskowa\/wp-json\/wp\/v2\/comments?post=153041"}],"version-history":[{"count":2,"href":"https:\/\/up.lublin.pl\/srodowiskowa\/wp-json\/wp\/v2\/posts\/153041\/revisions"}],"predecessor-version":[{"id":153055,"href":"https:\/\/up.lublin.pl\/srodowiskowa\/wp-json\/wp\/v2\/posts\/153041\/revisions\/153055"}],"wp:featuredmedia":[{"embeddable":true,"href":"https:\/\/up.lublin.pl\/srodowiskowa\/wp-json\/wp\/v2\/media\/152313"}],"wp:attachment":[{"href":"https:\/\/up.lublin.pl\/srodowiskowa\/wp-json\/wp\/v2\/media?parent=153041"}],"wp:term":[{"taxonomy":"category","embeddable":true,"href":"https:\/\/up.lublin.pl\/srodowiskowa\/wp-json\/wp\/v2\/categories?post=153041"},{"taxonomy":"post_tag","embeddable":true,"href":"https:\/\/up.lublin.pl\/srodowiskowa\/wp-json\/wp\/v2\/tags?post=153041"}],"curies":[{"name":"wp","href":"https:\/\/api.w.org\/{rel}","templated":true}]}}