{"id":153026,"date":"2022-12-05T10:50:04","date_gmt":"2022-12-05T09:50:04","guid":{"rendered":"https:\/\/up.lublin.pl\/srodowiskowa\/?p=153026"},"modified":"2022-12-08T09:51:29","modified_gmt":"2022-12-08T08:51:29","slug":"pracownicy-wydzialu-biologii-srodowiskowej-w-kolejnym-podcascie-drawienskiego-parku-narodowego","status":"publish","type":"post","link":"https:\/\/up.lublin.pl\/srodowiskowa\/pracownicy-wydzialu-biologii-srodowiskowej-w-kolejnym-podcascie-drawienskiego-parku-narodowego\/","title":{"rendered":"Pracownicy Wydzia\u0142u Biologii \u015arodowiskowej w kolejnym podca\u015bcie Drawie\u0144skiego Parku Narodowego"},"content":{"rendered":"<p class=\"mcntmcntmcntmsonormal\">W ostatnich latach na terenie Drawie\u0144skiego Parku Narodowego prowadzony by\u0142 monitoring wybranych grup owad\u00f3w wodnych, w kt\u00f3rych uczestniczy\u0142a pracownica Wydzia\u0142u\u00a0Biologii \u015arodowiskowej z Katedry Zoologii i Ekologii Zwierz\u0105t\u00a0<span id=\"mcntext-gen2991\">\u2013 Pani dr hab. Edyta Buczy\u0144ska, profesor uczelni. W celu popularyzowania wiedzy dotycz\u0105cej makrobezkr\u0119gowc\u00f3w bentosowych zasiedlaj\u0105cych ekosystemy wodne parku, dr hab. Edyta Buczy\u0144ska wraz z dr hab. Paw\u0142em Buczy\u0144skim, profesorem uczelni (Wydzia\u0142 Biologii i Biotechnologii UMCS) przyj\u0119li w lipcu 2022 r. zaproszenie do studia podcastowego Drawie\u0144skiego PN. Jest to jedyne multimedialne studio tego typu w polskich parkach narodowych, w kt\u00f3rym nagrywane s\u0105 eko-audycje. Zapraszamy do obejrzenia kolejnych\u00a0 dw\u00f3ch odcink\u00f3w podcastu, tym razem to badania terenowe nad makrobezkr\u0119gowcami.<\/span><\/p>\n<p>&nbsp;<\/p>\n<div><\/div>\n<div><span style=\"color: #0000ff\"><a style=\"color: #0000ff\" href=\"https:\/\/www.youtube.com\/watch?v=yl5l4Pizj_I&amp;t=1s\">https:\/\/www.youtube.com\/watch?v=yl5l4Pizj_I&amp;t=1s<\/a><\/span><\/div>\n<div><\/div>\n<div><a href=\"https:\/\/www.youtube.com\/watch?v=8T2MLGSs0W4\"><span style=\"color: #0000ff\">https:\/\/www.youtube.com\/watch?v=8T2MLGSs0W4<\/span><\/a><\/div>\n<div><\/div>\n<div><\/div>\n<div><\/div>\n","protected":false},"excerpt":{"rendered":"<p>W ostatnich latach na terenie Drawie\u0144skiego Parku Narodowego prowadzony by\u0142 monitoring wybranych grup owad\u00f3w wodnych, w kt\u00f3rych uczestniczy\u0142a pracownica Wydzia\u0142u\u00a0Biologii \u015arodowiskowej z Katedry Zoologii i Ekologii Zwierz\u0105t\u00a0\u2013 Pani dr hab. Edyta Buczy\u0144ska, profesor uczelni. W celu popularyzowania wiedzy dotycz\u0105cej makrobezkr\u0119gowc\u00f3w bentosowych zasiedlaj\u0105cych ekosystemy wodne parku, dr hab. Edyta Buczy\u0144ska wraz z dr hab. Paw\u0142em Buczy\u0144skim, [&hellip;]<\/p>\n","protected":false},"author":201,"featured_media":153124,"comment_status":"closed","ping_status":"open","sticky":false,"template":"","format":"standard","meta":{"_monsterinsights_skip_tracking":false,"_monsterinsights_sitenote_active":false,"_monsterinsights_sitenote_note":"","_monsterinsights_sitenote_category":0},"categories":[24],"tags":[],"_links":{"self":[{"href":"https:\/\/up.lublin.pl\/srodowiskowa\/wp-json\/wp\/v2\/posts\/153026"}],"collection":[{"href":"https:\/\/up.lublin.pl\/srodowiskowa\/wp-json\/wp\/v2\/posts"}],"about":[{"href":"https:\/\/up.lublin.pl\/srodowiskowa\/wp-json\/wp\/v2\/types\/post"}],"author":[{"embeddable":true,"href":"https:\/\/up.lublin.pl\/srodowiskowa\/wp-json\/wp\/v2\/users\/201"}],"replies":[{"embeddable":true,"href":"https:\/\/up.lublin.pl\/srodowiskowa\/wp-json\/wp\/v2\/comments?post=153026"}],"version-history":[{"count":8,"href":"https:\/\/up.lublin.pl\/srodowiskowa\/wp-json\/wp\/v2\/posts\/153026\/revisions"}],"predecessor-version":[{"id":153034,"href":"https:\/\/up.lublin.pl\/srodowiskowa\/wp-json\/wp\/v2\/posts\/153026\/revisions\/153034"}],"wp:featuredmedia":[{"embeddable":true,"href":"https:\/\/up.lublin.pl\/srodowiskowa\/wp-json\/wp\/v2\/media\/153124"}],"wp:attachment":[{"href":"https:\/\/up.lublin.pl\/srodowiskowa\/wp-json\/wp\/v2\/media?parent=153026"}],"wp:term":[{"taxonomy":"category","embeddable":true,"href":"https:\/\/up.lublin.pl\/srodowiskowa\/wp-json\/wp\/v2\/categories?post=153026"},{"taxonomy":"post_tag","embeddable":true,"href":"https:\/\/up.lublin.pl\/srodowiskowa\/wp-json\/wp\/v2\/tags?post=153026"}],"curies":[{"name":"wp","href":"https:\/\/api.w.org\/{rel}","templated":true}]}}