{"id":152202,"date":"2022-10-11T14:39:29","date_gmt":"2022-10-11T12:39:29","guid":{"rendered":"https:\/\/up.lublin.pl\/srodowiskowa\/?p=152202"},"modified":"2022-10-12T09:50:19","modified_gmt":"2022-10-12T07:50:19","slug":"profesor-aneta-strachecka-wyrozniona-srebrnym-medalem-za-ksiazke-o-pszczolach","status":"publish","type":"post","link":"https:\/\/up.lublin.pl\/srodowiskowa\/profesor-aneta-strachecka-wyrozniona-srebrnym-medalem-za-ksiazke-o-pszczolach\/","title":{"rendered":"Dr hab. Aneta Strachecka, prof. Uczelni wyr\u00f3\u017cniona srebrnym medalem za ksi\u0105\u017ck\u0119 o pszczo\u0142ach"},"content":{"rendered":"\t\t<div data-elementor-type=\"wp-post\" data-elementor-id=\"152202\" class=\"elementor elementor-152202\" data-elementor-settings=\"[]\">\n\t\t\t\t\t\t<div class=\"elementor-inner\">\n\t\t\t\t\t\t\t<div class=\"elementor-section-wrap\">\n\t\t\t\t\t\t\t<section class=\"elementor-section elementor-top-section elementor-element elementor-element-108a8d9 elementor-section-boxed elementor-section-height-default elementor-section-height-default\" data-id=\"108a8d9\" data-element_type=\"section\">\n\t\t\t\t\t\t<div class=\"elementor-container elementor-column-gap-default\">\n\t\t\t\t\t\t\t<div class=\"elementor-row\">\n\t\t\t\t\t<div class=\"elementor-column elementor-col-100 elementor-top-column elementor-element elementor-element-fee80a8\" data-id=\"fee80a8\" data-element_type=\"column\">\n\t\t\t<div class=\"elementor-column-wrap elementor-element-populated\">\n\t\t\t\t\t\t\t<div class=\"elementor-widget-wrap\">\n\t\t\t\t\t\t<div class=\"elementor-element elementor-element-87bf0ba elementor-widget elementor-widget-m5c\" data-id=\"87bf0ba\" data-element_type=\"widget\" data-widget_type=\"m5c.default\">\n\t\t\t\t<div class=\"elementor-widget-container\">\n\t\t\t<section class=\"mn-m5-c mn-m5-d2 mn-bg-white\">\n\t<div class=\"mn-grid\">\n\t\t\t\t<div class=\"mn-content mn-grid-9\">\n\t\t\t                <div class=\"mn-content-block active\">\n\t                                                        <div class=\"block-text\">\n\t                                        <p><strong>Dr hab. Aneta Strachecka, prof. Uczelni &#8211; Kierownik Katedry Ekofizjologii Bezkr\u0119gowc\u00f3w i&nbsp;Biologii Eksperymentalnej (Wydzia\u0142 Biologii \u015arodowiskowej) wraz z&nbsp;Martyn\u0105 Walerowicz \u2013 Redaktor Wydawnictwa Pasieka, otrzyma\u0142y <\/strong><strong><em>srebrny medal <\/em><\/strong><strong>w mi\u0119dzynarodowym konkursie za ksi\u0105\u017ck\u0119 \u201e<em>Anatomia i&nbsp;fizjologia pszczo\u0142y miodnej<\/em>\u201d. Nagroda zosta\u0142a og\u0142oszona na 47<sup>th<\/sup>\u00a0Apimondia International Apicultural Congress, w&nbsp;Turcji.<\/strong><\/p>\n<p><a href=\"https:\/\/up.lublin.pl\/wp-content\/uploads\/2022\/10\/DSC_5665.jpg\"><img loading=\"lazy\" class=\"alignnone wp-image-294099 size-full\" src=\"https:\/\/up.lublin.pl\/wp-content\/uploads\/2022\/10\/DSC_5665.jpg\" alt=\"\" width=\"1500\" height=\"1000\" \/><\/a>Kongres Apimondia zrzesza naukowc\u00f3w, zwi\u0105zki pszczelarskie i&nbsp;producent\u00f3w zwi\u0105zanych z&nbsp;pszczelarstwem z&nbsp;ca\u0142ego \u015awiata. W&nbsp;tym roku nie uczestniczy\u0142y w&nbsp;nim tylko Rosja i&nbsp;Chiny.<br \/><strong><br \/><\/strong><a href=\"https:\/\/up.lublin.pl\/wp-content\/uploads\/2022\/10\/DSC_5668.jpg\"><img loading=\"lazy\" class=\"alignnone wp-image-294125 size-full\" src=\"https:\/\/up.lublin.pl\/wp-content\/uploads\/2022\/10\/DSC_5668.jpg\" alt=\"\" width=\"1500\" height=\"1000\" \/><\/a><br \/>Nagroda <em>Silver Medal<\/em> dla autorek zosta\u0142a przyznana w&nbsp;kategorii \u201eKsi\u0105\u017cka o&nbsp;tematyce naukowej i\u00a0oko\u0142onaukowej\u201d, og\u0142oszona na 47<sup>th <\/sup>Apimondia International Apicultural Congress, 24-28.08.2022, Istanbul, Turkey.<\/p>\n<p><a href=\"https:\/\/up.lublin.pl\/wp-content\/uploads\/2022\/10\/DSC_5721.jpg\"><img loading=\"lazy\" class=\"alignnone wp-image-294103 size-full\" src=\"https:\/\/up.lublin.pl\/wp-content\/uploads\/2022\/10\/DSC_5721.jpg\" alt=\"\" width=\"1500\" height=\"1000\" \/><\/a>Ksi\u0105\u017cka by\u0142a oceniana pod wzgl\u0119dem: wygl\u0105du, tre\u015bci, misji edukacyjnej oraz poruszanej tematyki. Fragmenty wybranych rozdzia\u0142\u00f3w zosta\u0142y przet\u0142umaczone na j\u0119zyk angielski, tak aby Jury Konkursu mog\u0142o dokona\u0107 oceny. W&nbsp;ksi\u0105\u017cce zawarte s\u0105 tablice anatomiczne, kt\u00f3rych autork\u0105 jest <strong>Martyna Walerowicz<\/strong> oraz wiele zdj\u0119\u0107, w&nbsp;tym spod mikroskopu, kt\u00f3rych autorem jest dr hab. <strong>Aneta Strachecka, <\/strong>prof. Uczelni i&nbsp;pracownicy Katedry Ekofizjologii Bezkr\u0119gowc\u00f3w i&nbsp;Biologii Eksperymentalnej.<\/p>\n<p><a href=\"https:\/\/up.lublin.pl\/wp-content\/uploads\/2022\/10\/DSC_5688_ret-1.jpg\"><img loading=\"lazy\" class=\"alignnone wp-image-294111 size-full\" src=\"https:\/\/up.lublin.pl\/wp-content\/uploads\/2022\/10\/DSC_5688_ret-1.jpg\" alt=\"\" width=\"1500\" height=\"1000\" \/><\/a>Pozycja ta jest pierwszym, tak szczeg\u00f3\u0142owym, zaktualizowanym opracowaniem anatomii pszczo\u0142y miodnej po 148 latach, po tym jak zrobi\u0142 to wcze\u015bniej, studiuj\u0105cy na francuskiej Sorbonie, <strong>Micha\u0142 Girdoy\u0144<\/strong> (\u201eAnatomia pszcz\u00f3\u0142\u201d). Ksi\u0105\u017cka dedykowana jest pszczelarzom, entomologom, naukowcom, studentom, uczniom i&nbsp;pasjonatom. Premiera ksi\u0105\u017cki planowana jest na pocz\u0105tek roku 2023.<\/p>\n<p><a href=\"https:\/\/up.lublin.pl\/wp-content\/uploads\/2022\/10\/DSC_5691.jpg\"><img loading=\"lazy\" class=\"alignnone wp-image-294117 size-full\" src=\"https:\/\/up.lublin.pl\/wp-content\/uploads\/2022\/10\/DSC_5691.jpg\" alt=\"\" width=\"1500\" height=\"1000\" \/><\/a><br \/><strong>Strachecka A<\/strong>., <strong>Walerowicz M<\/strong>. 2022. Anatomia i&nbsp;fizjologia pszczo\u0142y miodnej. Wydawnictwo BEE &amp; HONEY, ISBN: 978-83-961646-4-3<\/p>\n<h5 style=\"text-align: right\">zdj\u0119cia: Alicja Jaroszewska \/DRiP<\/h5>\n                                        <\/div>\n\t\t\t\t\t\t                                <\/div>\n\t\t\t\t                <div class=\"mn-content-block\">\n\t                                <\/div>\n\t\t\t\t                <div class=\"mn-content-block\">\n\t                                <\/div>\n\t\t\t\t                <div class=\"mn-content-block\">\n\t                                <\/div>\n\t\t\t\t                <div class=\"mn-content-block\">\n\t                                <\/div>\n\t\t\t\t                <div class=\"mn-content-block\">\n\t                                <\/div>\n\t\t\t\t                <div class=\"mn-content-block\">\n\t                                <\/div>\n\t\t\t\t                <div class=\"mn-content-block\">\n\t                                <\/div>\n\t\t\t\t                <div class=\"mn-content-block\">\n\t                                <\/div>\n\t\t\t\t                <div class=\"mn-content-block\">\n\t                                <\/div>\n\t\t\t\t                <div class=\"mn-content-block\">\n\t                                <\/div>\n\t\t\t\t                <div class=\"mn-content-block\">\n\t                                <\/div>\n\t\t\t\t                <div class=\"mn-content-block\">\n\t                                <\/div>\n\t\t\t\t                <div class=\"mn-content-block\">\n\t                                <\/div>\n\t\t\t\t                <div class=\"mn-content-block\">\n\t                                <\/div>\n\t\t\t\t                <div class=\"mn-content-block\">\n\t                                <\/div>\n\t\t\t\t                <div class=\"mn-content-block\">\n\t                                <\/div>\n\t\t\t\t                <div class=\"mn-content-block\">\n\t                                <\/div>\n\t\t\t\t                <div class=\"mn-content-block\">\n\t                                <\/div>\n\t\t\t\t                <div class=\"mn-content-block\">\n\t                                <\/div>\n\t\t\t\t\t\t<\/div>\n\t<\/div>\n<\/section>\n\t\t<\/div>\n\t\t\t\t<\/div>\n\t\t\t\t\t\t<\/div>\n\t\t\t\t\t<\/div>\n\t\t<\/div>\n\t\t\t\t\t\t\t\t<\/div>\n\t\t\t\t\t<\/div>\n\t\t<\/section>\n\t\t\t\t\t\t<\/div>\n\t\t\t\t\t\t<\/div>\n\t\t\t\t\t<\/div>\n\t\t","protected":false},"excerpt":{"rendered":"<p>Dr hab. Aneta Strachecka, prof. Uczelni &#8211; Kierownik Katedry Ekofizjologii Bezkr\u0119gowc\u00f3w i\u00a0Biologii Eksperymentalnej (Wydzia\u0142 Biologii \u015arodowiskowej) wraz z\u00a0Martyn\u0105 Walerowicz \u2013 Redaktor Wydawnictwa Pasieka, otrzyma\u0142y srebrny medal w mi\u0119dzynarodowym konkursie za ksi\u0105\u017ck\u0119 \u201eAnatomia i\u00a0fizjologia pszczo\u0142y miodnej\u201d. Nagroda zosta\u0142a og\u0142oszona na 47th\u00a0Apimondia International Apicultural Congress, w\u00a0Turcji. Kongres Apimondia zrzesza naukowc\u00f3w, zwi\u0105zki pszczelarskie i\u00a0producent\u00f3w zwi\u0105zanych z\u00a0pszczelarstwem z\u00a0ca\u0142ego \u015awiata. [&hellip;]<\/p>\n","protected":false},"author":2,"featured_media":152203,"comment_status":"closed","ping_status":"open","sticky":false,"template":"elementor_header_footer","format":"standard","meta":{"_monsterinsights_skip_tracking":false,"_monsterinsights_sitenote_active":false,"_monsterinsights_sitenote_note":"","_monsterinsights_sitenote_category":0},"categories":[24],"tags":[],"_links":{"self":[{"href":"https:\/\/up.lublin.pl\/srodowiskowa\/wp-json\/wp\/v2\/posts\/152202"}],"collection":[{"href":"https:\/\/up.lublin.pl\/srodowiskowa\/wp-json\/wp\/v2\/posts"}],"about":[{"href":"https:\/\/up.lublin.pl\/srodowiskowa\/wp-json\/wp\/v2\/types\/post"}],"author":[{"embeddable":true,"href":"https:\/\/up.lublin.pl\/srodowiskowa\/wp-json\/wp\/v2\/users\/2"}],"replies":[{"embeddable":true,"href":"https:\/\/up.lublin.pl\/srodowiskowa\/wp-json\/wp\/v2\/comments?post=152202"}],"version-history":[{"count":10,"href":"https:\/\/up.lublin.pl\/srodowiskowa\/wp-json\/wp\/v2\/posts\/152202\/revisions"}],"predecessor-version":[{"id":152216,"href":"https:\/\/up.lublin.pl\/srodowiskowa\/wp-json\/wp\/v2\/posts\/152202\/revisions\/152216"}],"wp:featuredmedia":[{"embeddable":true,"href":"https:\/\/up.lublin.pl\/srodowiskowa\/wp-json\/wp\/v2\/media\/152203"}],"wp:attachment":[{"href":"https:\/\/up.lublin.pl\/srodowiskowa\/wp-json\/wp\/v2\/media?parent=152202"}],"wp:term":[{"taxonomy":"category","embeddable":true,"href":"https:\/\/up.lublin.pl\/srodowiskowa\/wp-json\/wp\/v2\/categories?post=152202"},{"taxonomy":"post_tag","embeddable":true,"href":"https:\/\/up.lublin.pl\/srodowiskowa\/wp-json\/wp\/v2\/tags?post=152202"}],"curies":[{"name":"wp","href":"https:\/\/api.w.org\/{rel}","templated":true}]}}