{"id":152094,"date":"2022-10-07T12:09:55","date_gmt":"2022-10-07T10:09:55","guid":{"rendered":"https:\/\/up.lublin.pl\/srodowiskowa\/?p=152094"},"modified":"2022-10-14T10:11:26","modified_gmt":"2022-10-14T08:11:26","slug":"debata-o-ekologii-zorganizowana-przez-europejskie-forum-odpowiedzialnosci-ekologicznej","status":"publish","type":"post","link":"https:\/\/up.lublin.pl\/srodowiskowa\/debata-o-ekologii-zorganizowana-przez-europejskie-forum-odpowiedzialnosci-ekologicznej\/","title":{"rendered":"Debata o ekologii zorganizowana przez Europejskie Forum Odpowiedzialno\u015bci Ekologicznej"},"content":{"rendered":"<p>Jak gospodarowa\u0107 odpadami komunalnymi? Jak dba\u0107 o zasoby wodne? To tylko niekt\u00f3re tematy poruszane przez specjalist\u00f3w i samorz\u0105dowc\u00f3w w gminie Ludwin. W spotkaniu uczestniczyli tak\u017ce pracownicy Wydzia\u0142u Biologii \u015arodowiskowej, w tym Dziekan Wydzia\u0142u prof. dr hab. Tomasz Mieczan, kt\u00f3ry poprowadzi\u0142 debat\u0119 dotycz\u0105c\u0105 zr\u00f3wnowa\u017conego wykorzystania zasob\u00f3w wodnych na Lubelszczy\u017anie. W dobie nasilaj\u0105cych si\u0119 zmian klimatu wsp\u00f3\u0142praca pomi\u0119dzy naukowcami a samorz\u0105dowcami nabiera szczeg\u00f3lnie istotnego znaczenia, a edukacja ekologiczna odgrywa niezwykle istotna rol\u0119 w postrzeganiu \u015brodowiska przyrodniczego przez lokalne spo\u0142eczno\u015bci. Szczeg\u00f3lny nacisk podczas debaty po\u0142o\u017cono na aplikacyjne podej\u015bcie do dostosowania infrastruktury do nasilaj\u0105cych si\u0119 zmian klimatu, a tak\u017ce zaprezentowano g\u0142\u00f3wne za\u0142o\u017cenia projektu Life Archiclima realizowanego m. in. przez Investeco \u2013 lidera we wprowadzaniu rozwi\u0105za\u0144 pro\u015brodowiskowych. Podczas spotkania Pan Dziekan otrzyma\u0142 nominacj\u0119 do Kapitu\u0142y Programu Firma Bliska \u015arodowisku oraz Gmina Bliska \u015arodowisku, kt\u00f3ry realizowany jest m.in. przez Europejskie Forum Odpowiedzialno\u015bci Ekologicznej. Program dedykowany jest przedsi\u0119biorcom, kt\u00f3rzy zarz\u0105dzaj\u0105 firm\u0105 z uwzgl\u0119dnieniem obowi\u0105zk\u00f3w wynikaj\u0105cych z prawa ochrony \u015brodowiska, ale tak\u017ce wykazuj\u0105 du\u017c\u0105 \u015bwiadomo\u015b\u0107 zmian klimatu.<\/p>\n<p>&nbsp;<\/p>\n<p style=\"text-align: center\"><img loading=\"lazy\" class=\"alignnone wp-image-152095\" src=\"https:\/\/up.lublin.pl\/srodowiskowa\/wp-content\/uploads\/sites\/5\/2022\/10\/309153234_570406614886569_1635994218531029766_n.jpg\" alt=\"\" width=\"810\" height=\"610\" \/><\/p>\n<p>&nbsp;<\/p>\n<p style=\"text-align: center\"><img loading=\"lazy\" class=\"alignnone wp-image-152103\" src=\"https:\/\/up.lublin.pl\/srodowiskowa\/wp-content\/uploads\/sites\/5\/2022\/10\/308987669_570406688219895_1868157415127934380_n.jpg\" alt=\"\" width=\"810\" height=\"1080\" \/><\/p>\n<p>&nbsp;<\/p>\n<p style=\"text-align: center\"><img loading=\"lazy\" class=\"alignnone wp-image-152099\" src=\"https:\/\/up.lublin.pl\/srodowiskowa\/wp-content\/uploads\/sites\/5\/2022\/10\/309056669_570406731553224_5601668730554311267_n.jpg\" alt=\"\" width=\"810\" height=\"610\" \/><\/p>\n<p>&nbsp;<\/p>\n<p style=\"text-align: center\">\n","protected":false},"excerpt":{"rendered":"<p>Jak gospodarowa\u0107 odpadami komunalnymi? Jak dba\u0107 o zasoby wodne? To tylko niekt\u00f3re tematy poruszane przez specjalist\u00f3w i samorz\u0105dowc\u00f3w w gminie Ludwin. W spotkaniu uczestniczyli tak\u017ce pracownicy Wydzia\u0142u Biologii \u015arodowiskowej, w tym Dziekan Wydzia\u0142u prof. dr hab. Tomasz Mieczan, kt\u00f3ry poprowadzi\u0142 debat\u0119 dotycz\u0105c\u0105 zr\u00f3wnowa\u017conego wykorzystania zasob\u00f3w wodnych na Lubelszczy\u017anie. W dobie nasilaj\u0105cych si\u0119 zmian klimatu wsp\u00f3\u0142praca [&hellip;]<\/p>\n","protected":false},"author":201,"featured_media":152095,"comment_status":"closed","ping_status":"open","sticky":false,"template":"","format":"standard","meta":{"_monsterinsights_skip_tracking":false,"_monsterinsights_sitenote_active":false,"_monsterinsights_sitenote_note":"","_monsterinsights_sitenote_category":0},"categories":[24],"tags":[],"_links":{"self":[{"href":"https:\/\/up.lublin.pl\/srodowiskowa\/wp-json\/wp\/v2\/posts\/152094"}],"collection":[{"href":"https:\/\/up.lublin.pl\/srodowiskowa\/wp-json\/wp\/v2\/posts"}],"about":[{"href":"https:\/\/up.lublin.pl\/srodowiskowa\/wp-json\/wp\/v2\/types\/post"}],"author":[{"embeddable":true,"href":"https:\/\/up.lublin.pl\/srodowiskowa\/wp-json\/wp\/v2\/users\/201"}],"replies":[{"embeddable":true,"href":"https:\/\/up.lublin.pl\/srodowiskowa\/wp-json\/wp\/v2\/comments?post=152094"}],"version-history":[{"count":9,"href":"https:\/\/up.lublin.pl\/srodowiskowa\/wp-json\/wp\/v2\/posts\/152094\/revisions"}],"predecessor-version":[{"id":152312,"href":"https:\/\/up.lublin.pl\/srodowiskowa\/wp-json\/wp\/v2\/posts\/152094\/revisions\/152312"}],"wp:featuredmedia":[{"embeddable":true,"href":"https:\/\/up.lublin.pl\/srodowiskowa\/wp-json\/wp\/v2\/media\/152095"}],"wp:attachment":[{"href":"https:\/\/up.lublin.pl\/srodowiskowa\/wp-json\/wp\/v2\/media?parent=152094"}],"wp:term":[{"taxonomy":"category","embeddable":true,"href":"https:\/\/up.lublin.pl\/srodowiskowa\/wp-json\/wp\/v2\/categories?post=152094"},{"taxonomy":"post_tag","embeddable":true,"href":"https:\/\/up.lublin.pl\/srodowiskowa\/wp-json\/wp\/v2\/tags?post=152094"}],"curies":[{"name":"wp","href":"https:\/\/api.w.org\/{rel}","templated":true}]}}