{"id":152080,"date":"2022-10-07T08:04:59","date_gmt":"2022-10-07T06:04:59","guid":{"rendered":"https:\/\/up.lublin.pl\/srodowiskowa\/?p=152080"},"modified":"2022-10-14T10:13:50","modified_gmt":"2022-10-14T08:13:50","slug":"cykl-botanika-blisko-nas-powierzchnia-skorki-jablek-i-gruszek","status":"publish","type":"post","link":"https:\/\/up.lublin.pl\/srodowiskowa\/cykl-botanika-blisko-nas-powierzchnia-skorki-jablek-i-gruszek\/","title":{"rendered":"Cykl \u201eBotanika blisko nas\u201d &#8211; powierzchnia sk\u00f3rki jab\u0142ek i gruszek"},"content":{"rendered":"\t\t<div data-elementor-type=\"wp-post\" data-elementor-id=\"152080\" class=\"elementor elementor-152080\" data-elementor-settings=\"[]\">\n\t\t\t\t\t\t<div class=\"elementor-inner\">\n\t\t\t\t\t\t\t<div class=\"elementor-section-wrap\">\n\t\t\t\t\t\t\t<section class=\"elementor-section elementor-top-section elementor-element elementor-element-9c181ed elementor-section-boxed elementor-section-height-default elementor-section-height-default\" data-id=\"9c181ed\" data-element_type=\"section\">\n\t\t\t\t\t\t<div class=\"elementor-container elementor-column-gap-default\">\n\t\t\t\t\t\t\t<div class=\"elementor-row\">\n\t\t\t\t\t<div class=\"elementor-column elementor-col-100 elementor-top-column elementor-element elementor-element-9ffc7f5\" data-id=\"9ffc7f5\" data-element_type=\"column\">\n\t\t\t<div class=\"elementor-column-wrap elementor-element-populated\">\n\t\t\t\t\t\t\t<div class=\"elementor-widget-wrap\">\n\t\t\t\t\t\t<div class=\"elementor-element elementor-element-0bf6881 elementor-widget elementor-widget-m5c\" data-id=\"0bf6881\" data-element_type=\"widget\" data-widget_type=\"m5c.default\">\n\t\t\t\t<div class=\"elementor-widget-container\">\n\t\t\t<section class=\"mn-m5-c mn-m5-d2 mn-bg-white\">\n\t<div class=\"mn-grid\">\n\t\t\t\t<div class=\"mn-content mn-grid-9\">\n\t\t\t                <div class=\"mn-content-block active\">\n\t                                                        <div class=\"block-text\">\n\t                                        <p><strong><img loading=\"lazy\" class=\"size-full wp-image-267986 aligncenter\" src=\"https:\/\/up.lublin.pl\/wp-content\/uploads\/2022\/05\/2022-Rok-Botaniki_1.png\" alt=\"\" width=\"257\" height=\"200\" \/><br \/><\/strong><\/p>\n<h1 style=\"text-align: center;\"><strong>Cykl \u201eBotanika blisko nas\u201d. <br \/><\/strong><strong>Niewidzialne dla oka \u2013 powierzchnia sk\u00f3rki jab\u0142ek i&nbsp;gruszek<\/strong><\/h1>\n<p><strong>\u00a0<\/strong><\/p>\n<p>Powierzchnia owoc\u00f3w wielu odmian jab\u0142oni i&nbsp;gruszy jest najcz\u0119\u015bciej g\u0142adka i\u00a0\u015bliska, jednak ogl\u0105dana okiem mikroskopu skaningowego ods\u0142ania krajobraz niemal ksi\u0119\u017cycowy.<\/p>\n<p>Na powierzchni jab\u0142ek i&nbsp;gruszek z&nbsp;regu\u0142y widoczna jest sie\u0107 mikrosp\u0119ka\u0144 o\u00a0zr\u00f3\u017cnicowanej szeroko\u015bci i\u00a0g\u0142\u0119boko\u015bci przebiegaj\u0105cych w&nbsp;r\u00f3\u017cnych kierunkach, kt\u00f3re s\u0105 w\u00a0znacznym stopniu odpowiedzialne za transpiracj\u0119 i&nbsp;wi\u0119dni\u0119cie owoc\u00f3w. W&nbsp;wielu mikrosp\u0119kaniach widoczne s\u0105 kryszta\u0142y wosku w\u00a0formie p\u0142ytek, kt\u00f3rych rol\u0105 jest zabli\u017anianie mikrosp\u0119ka\u0144 i\u00a0ograniczanie utraty wody.<\/p>\n<p>W niekt\u00f3rych miejscach na powierzchni owoc\u00f3w obecne s\u0105 tak\u017ce charakterystyczne twory wygl\u0105daj\u0105ce jak kratery \u2013 to przetchlinki pe\u0142ni\u0105ce funkcj\u0119 otwor\u00f3w wentylacyjnych. Mog\u0105 by\u0107 one otwarte lub zamkni\u0119te. Przetchlinki s\u0105 jednocze\u015bnie tzw. s\u0142abymi miejscami, przez kt\u00f3re wnika\u0107 mog\u0105 patogeny grzybowe i&nbsp;bakteryjne. Ilo\u015b\u0107 mikrosp\u0119ka\u0144 i&nbsp;przetchlinek to cechy odmianowe decyduj\u0105ce o&nbsp;szeroko rozumianej jako\u015bci i&nbsp;trwa\u0142o\u015bci owoc\u00f3w.<\/p>\n<p><img loading=\"lazy\" class=\"alignnone size-full wp-image-293448\" src=\"https:\/\/up.lublin.pl\/wp-content\/uploads\/2022\/10\/cykl_botanika_blisko_nas_powierzchnia_skorki_jablek_i_gruszek.jpg\" alt=\"\" width=\"1073\" height=\"1500\" \/>Fot. 1. Powierzchnia owocu gruszy odmiany Konferencja z&nbsp;mikrosp\u0119kaniami i&nbsp;przetchlinkami (strza\u0142ki)<br \/>Fot. 2. Powierzchnia owocu jab\u0142oni odmiany Jonagold z&nbsp;mikrosp\u0119kaniami<br \/>Fot. 3, 4. Kryszta\u0142y wosku w&nbsp;formie p\u0142ytek widoczne w&nbsp;mikrosp\u0119kaniach<br \/>Fot. 5-8. Przetchlinki na powierzchni jab\u0142ek i&nbsp;gruszek.\u00a0\u00a0<\/p>\n<h5 style=\"text-align: right;\">Dr hab. Agata Konarska, profesor uczelni,<br \/><em>Katedra Botaniki i\u00a0Fizjologii Ro\u015blin,<\/em><em><br \/>Wydzia\u0142 Biologii \u015arodowiskowej<\/em><\/h5>\n<p>\u00a0<\/p>\n<p><em>[ Cykl \u201eBotanika blisko nas\u201d ma na celu przybli\u017cenie fascynuj\u0105cego \u015bwiata ro\u015blin. Tw\u00f3rcami cyku s\u0105 pracownicy\u00a0<a href=\"https:\/\/up.lublin.pl\/srodowiskowa\/\">Wydzia\u0142u Biologii \u015arodowiskowej<\/a>, w\u00a0ramach Roku Botaniki 2022. ]<\/em><\/p>\n                                        <\/div>\n\t\t\t\t\t\t                                <\/div>\n\t\t\t\t                <div class=\"mn-content-block\">\n\t                                <\/div>\n\t\t\t\t                <div class=\"mn-content-block\">\n\t                                <\/div>\n\t\t\t\t                <div class=\"mn-content-block\">\n\t                                <\/div>\n\t\t\t\t                <div class=\"mn-content-block\">\n\t                                <\/div>\n\t\t\t\t                <div class=\"mn-content-block\">\n\t                                <\/div>\n\t\t\t\t                <div class=\"mn-content-block\">\n\t                                <\/div>\n\t\t\t\t                <div class=\"mn-content-block\">\n\t                                <\/div>\n\t\t\t\t                <div class=\"mn-content-block\">\n\t                                <\/div>\n\t\t\t\t                <div class=\"mn-content-block\">\n\t                                <\/div>\n\t\t\t\t                <div class=\"mn-content-block\">\n\t                                <\/div>\n\t\t\t\t                <div class=\"mn-content-block\">\n\t                                <\/div>\n\t\t\t\t                <div class=\"mn-content-block\">\n\t                                <\/div>\n\t\t\t\t                <div class=\"mn-content-block\">\n\t                                <\/div>\n\t\t\t\t                <div class=\"mn-content-block\">\n\t                                <\/div>\n\t\t\t\t                <div class=\"mn-content-block\">\n\t                                <\/div>\n\t\t\t\t                <div class=\"mn-content-block\">\n\t                                <\/div>\n\t\t\t\t                <div class=\"mn-content-block\">\n\t                                <\/div>\n\t\t\t\t                <div class=\"mn-content-block\">\n\t                                <\/div>\n\t\t\t\t                <div class=\"mn-content-block\">\n\t                                <\/div>\n\t\t\t\t\t\t<\/div>\n\t<\/div>\n<\/section>\n\t\t<\/div>\n\t\t\t\t<\/div>\n\t\t\t\t\t\t<\/div>\n\t\t\t\t\t<\/div>\n\t\t<\/div>\n\t\t\t\t\t\t\t\t<\/div>\n\t\t\t\t\t<\/div>\n\t\t<\/section>\n\t\t\t\t\t\t<\/div>\n\t\t\t\t\t\t<\/div>\n\t\t\t\t\t<\/div>\n\t\t","protected":false},"excerpt":{"rendered":"<p>Cykl \u201eBotanika blisko nas\u201d. Niewidzialne dla oka \u2013 powierzchnia sk\u00f3rki jab\u0142ek i\u00a0gruszek \u00a0 Powierzchnia owoc\u00f3w wielu odmian jab\u0142oni i\u00a0gruszy jest najcz\u0119\u015bciej g\u0142adka i\u00a0\u015bliska, jednak ogl\u0105dana okiem mikroskopu skaningowego ods\u0142ania krajobraz niemal ksi\u0119\u017cycowy. Na powierzchni jab\u0142ek i\u00a0gruszek z\u00a0regu\u0142y widoczna jest sie\u0107 mikrosp\u0119ka\u0144 o\u00a0zr\u00f3\u017cnicowanej szeroko\u015bci i\u00a0g\u0142\u0119boko\u015bci przebiegaj\u0105cych w\u00a0r\u00f3\u017cnych kierunkach, kt\u00f3re s\u0105 w\u00a0znacznym stopniu odpowiedzialne za transpiracj\u0119 i\u00a0wi\u0119dni\u0119cie [&hellip;]<\/p>\n","protected":false},"author":2,"featured_media":150897,"comment_status":"closed","ping_status":"open","sticky":false,"template":"elementor_header_footer","format":"standard","meta":{"_monsterinsights_skip_tracking":false,"_monsterinsights_sitenote_active":false,"_monsterinsights_sitenote_note":"","_monsterinsights_sitenote_category":0},"categories":[24],"tags":[],"_links":{"self":[{"href":"https:\/\/up.lublin.pl\/srodowiskowa\/wp-json\/wp\/v2\/posts\/152080"}],"collection":[{"href":"https:\/\/up.lublin.pl\/srodowiskowa\/wp-json\/wp\/v2\/posts"}],"about":[{"href":"https:\/\/up.lublin.pl\/srodowiskowa\/wp-json\/wp\/v2\/types\/post"}],"author":[{"embeddable":true,"href":"https:\/\/up.lublin.pl\/srodowiskowa\/wp-json\/wp\/v2\/users\/2"}],"replies":[{"embeddable":true,"href":"https:\/\/up.lublin.pl\/srodowiskowa\/wp-json\/wp\/v2\/comments?post=152080"}],"version-history":[{"count":11,"href":"https:\/\/up.lublin.pl\/srodowiskowa\/wp-json\/wp\/v2\/posts\/152080\/revisions"}],"predecessor-version":[{"id":152317,"href":"https:\/\/up.lublin.pl\/srodowiskowa\/wp-json\/wp\/v2\/posts\/152080\/revisions\/152317"}],"wp:featuredmedia":[{"embeddable":true,"href":"https:\/\/up.lublin.pl\/srodowiskowa\/wp-json\/wp\/v2\/media\/150897"}],"wp:attachment":[{"href":"https:\/\/up.lublin.pl\/srodowiskowa\/wp-json\/wp\/v2\/media?parent=152080"}],"wp:term":[{"taxonomy":"category","embeddable":true,"href":"https:\/\/up.lublin.pl\/srodowiskowa\/wp-json\/wp\/v2\/categories?post=152080"},{"taxonomy":"post_tag","embeddable":true,"href":"https:\/\/up.lublin.pl\/srodowiskowa\/wp-json\/wp\/v2\/tags?post=152080"}],"curies":[{"name":"wp","href":"https:\/\/api.w.org\/{rel}","templated":true}]}}