{"id":150809,"date":"2022-08-05T07:41:03","date_gmt":"2022-08-05T05:41:03","guid":{"rendered":"https:\/\/up.lublin.pl\/srodowiskowa\/?p=150809"},"modified":"2022-08-23T08:26:37","modified_gmt":"2022-08-23T06:26:37","slug":"cykl-botanika-blisko-nas-pokrzywa","status":"publish","type":"post","link":"https:\/\/up.lublin.pl\/srodowiskowa\/cykl-botanika-blisko-nas-pokrzywa\/","title":{"rendered":"Cykl &#8220;Botanika blisko nas&#8221; &#8211; Pokrzywa"},"content":{"rendered":"\t\t<div data-elementor-type=\"wp-post\" data-elementor-id=\"150809\" class=\"elementor elementor-150809\" data-elementor-settings=\"[]\">\n\t\t\t\t\t\t<div class=\"elementor-inner\">\n\t\t\t\t\t\t\t<div class=\"elementor-section-wrap\">\n\t\t\t\t\t\t\t<section class=\"elementor-section elementor-top-section elementor-element elementor-element-253d9c0 elementor-section-boxed elementor-section-height-default elementor-section-height-default\" data-id=\"253d9c0\" data-element_type=\"section\">\n\t\t\t\t\t\t<div class=\"elementor-container elementor-column-gap-default\">\n\t\t\t\t\t\t\t<div class=\"elementor-row\">\n\t\t\t\t\t<div class=\"elementor-column elementor-col-100 elementor-top-column elementor-element elementor-element-53cb860\" data-id=\"53cb860\" data-element_type=\"column\">\n\t\t\t<div class=\"elementor-column-wrap elementor-element-populated\">\n\t\t\t\t\t\t\t<div class=\"elementor-widget-wrap\">\n\t\t\t\t\t\t<div class=\"elementor-element elementor-element-5387167 elementor-widget elementor-widget-m5c\" data-id=\"5387167\" data-element_type=\"widget\" data-widget_type=\"m5c.default\">\n\t\t\t\t<div class=\"elementor-widget-container\">\n\t\t\t<section class=\"mn-m5-c mn-m5-d2 mn-bg-white\">\n\t<div class=\"mn-grid\">\n\t\t\t\t<div class=\"mn-content mn-grid-9\">\n\t\t\t                <div class=\"mn-content-block active\">\n\t                                                        <div class=\"block-text\">\n\t                                        <p style=\"text-align: center\"><img loading=\"lazy\" class=\"alignnone size-full wp-image-266986 aligncenter\" src=\"https:\/\/up.lublin.pl\/wp-content\/uploads\/2022\/04\/2022-Rok-Botaniki_1.jpg\" alt=\"\" width=\"262\" height=\"280\" \/><\/p>\n<p>\u00a0<\/p>\n<p style=\"text-align: left\"><strong>Pokrzywa.<br \/><\/strong><em>\u201eKorze\u0144 z&nbsp;miodem utarty cer\u0119 g\u0142adk\u0105 i&nbsp;cudn\u0105 czyni, w\u0119gry sp\u0119dza\u201d<\/em><\/p>\n<p>Pokrzywa zwyczajna (<em>Urtica dioica <\/em>L.) jest ro\u015blin\u0105 dziko rosn\u0105c\u0105, porastaj\u0105c\u0105 nieu\u017cytki, \u0142\u0105ki, pola, cz\u0119sto spotykana jest r\u00f3wnie\u017c blisko domostw. Co ciekawe pokrzyw\u0119 spotkamy na wszystkich kontynentach. Nazwa \u0142aci\u0144ska pochodzi od s\u0142owa <em>uro<\/em>, oznaczaj\u0105cego <em>pal\u0119<\/em>, <em>piek\u0119<\/em>, <em>parz\u0119<\/em>.<\/p>\n<p><img loading=\"lazy\" class=\"alignnone size-medium wp-image-283512\" src=\"https:\/\/up.lublin.pl\/wp-content\/uploads\/2022\/08\/pokrzywa-1-1.jpg\" alt=\"\" width=\"1280\" height=\"720\" \/> Ro\u015bliny pokrzywy s\u0105 bogatym \u017ar\u00f3d\u0142em wielu substancji aktywnych wykorzystywanych w&nbsp;kosmetologii ale r\u00f3wnie\u017c w&nbsp;innych ga\u0142\u0119ziach przemys\u0142u. W&nbsp;korzeniach pokrzywy wyst\u0119puj\u0105 aglutyniny, lektyny, lignany, polisacharydy, sterole, kwas glikolowy i&nbsp;glicerowy, lecytyny, \u015bluzy, skopoletyny, woski oraz makro i&nbsp;mikroelementy. Korze\u0144 pokrzywy jest doskona\u0142ym \u017ar\u00f3d\u0142em przyswajalnego krzemu. W&nbsp;kosmetologii najcz\u0119\u015bciej wykorzystuje si\u0119 li\u015bcie pokrzywy, kt\u00f3re s\u0105 doskona\u0142ym \u017ar\u00f3d\u0142em barwnik\u00f3w ro\u015blinnych, zw\u0142aszcza chlorofilu a&nbsp;i b, \u03b2-karotenu oraz ksantofili. Ponadto w&nbsp;li\u015bciach znajdziemy du\u017ce ilo\u015bci witaminy B2, K, C, kwasu pantotenowego oraz makro i&nbsp;mikroelement\u00f3w (zw\u0142aszcza potasu, \u017celaza i&nbsp;tytanu). Natomiast we w\u0142oskach parz\u0105cych pokrzywy wyst\u0119puje acetylocholina, histamina i&nbsp;kwas mr\u00f3wkowy.<br \/><img loading=\"lazy\" class=\"alignnone size-full wp-image-283516\" src=\"https:\/\/up.lublin.pl\/wp-content\/uploads\/2022\/08\/pokrzywa-1-2.jpg\" alt=\"\" width=\"1500\" height=\"844\" \/>Najbardziej warto\u015bciowa jest pokrzywa zbierana od kwietnia do czerwca, jest to najlepszy czas na zbi\u00f3r li\u015bci, kt\u00f3re mo\u017cna wykorzysta\u0107 jako \u015bwie\u017cy materia\u0142 lub ususzy\u0107. Natomiast korzenie i&nbsp;roz\u0142ogi pokrzywy wykopujemy wczesn\u0105 wiosn\u0105 lub jesieni\u0105.<br \/><img loading=\"lazy\" class=\"alignnone size-full wp-image-283520\" src=\"https:\/\/up.lublin.pl\/wp-content\/uploads\/2022\/08\/pokrzywa-1-3.jpg\" alt=\"\" width=\"1500\" height=\"844\" \/>Z li\u015bci pokrzywy pozyskuje si\u0119 przede wszystkim chlorofile, kt\u00f3re wykorzystywane s\u0105 w&nbsp;kosmetologii jako barwnik, przy czym wykazuj\u0105 r\u00f3wnie\u017c dzia\u0142anie \u0142agodz\u0105ce podra\u017cnienia. Najbardziej znanym dzia\u0142aniem pokrzywy jest jej wzmacniaj\u0105cy wp\u0142yw na w\u0142osy i&nbsp;paznokcie. Picie naparu z&nbsp;li\u015bci pokrzywy lub stosowanie kosmetyk\u00f3w piel\u0119gnacyjnych z&nbsp;dodatkiem ekstraktu z&nbsp;pokrzywy powoduje ich szybszy wzrost. Ponadto pokrzywa poprawia metabolizm sk\u00f3ry, od\u017cywia j\u0105 i&nbsp;chroni przed wolnymi rodnikami. Doskonale oczyszcza sk\u00f3r\u0119, dzia\u0142a przeciwzapalnie, redukuje obrz\u0119ki oraz poprawia mikrokr\u0105\u017cenie sk\u00f3ry.<\/p>\n<p><strong><img loading=\"lazy\" class=\"alignnone size-full wp-image-283528\" src=\"https:\/\/up.lublin.pl\/wp-content\/uploads\/2022\/08\/Podbial-pospolity-1.jpg\" alt=\"\" width=\"1500\" height=\"844\" \/>Zio\u0142owy tonik oczyszczaj\u0105cy z&nbsp;podbia\u0142u i&nbsp;pokrzywy<\/strong><\/p>\n<p>Sk\u0142adniki:<\/p>\n<p>2 szklanki octu jab\u0142kowego<br \/>2 \u0142y\u017cki podbia\u0142u pospolitego<br \/>2 \u0142y\u017cki pokrzywy<br \/>4 \u0142y\u017cki oleju z&nbsp;orzech\u00f3w laskowych<br \/>4 \u0142y\u017cki oleju s\u0142onecznikowego<br \/>3 krople ulubionego olejku eterycznego<br \/>150 ml wody \u017ar\u00f3dlanej<\/p>\n<p>Przygotowanie:<\/p>\n<p>Podbia\u0142 i&nbsp;pokrzyw\u0119 nale\u017cy umie\u015bci\u0107 w&nbsp;zamykanym lub zakr\u0119canym, najlepiej szklanym pojemniku i&nbsp;zala\u0107 octem jab\u0142kowym. Ca\u0142o\u015b\u0107 nale\u017cy pozostawi\u0107 w&nbsp;o\u015bwietlonym miejscu na 2-3 tygodnie, codziennie wstrz\u0105saj\u0105c zawarto\u015bci\u0105 pojemnika. Nast\u0119pnie nale\u017cy odcedzi\u0107 zio\u0142a i&nbsp;do uzyskanego maceratu doda\u0107 oleje wraz z&nbsp;olejkiem eterycznym i&nbsp;uzupe\u0142ni\u0107 wod\u0105 \u017ar\u00f3dlan\u0105. Gotowy tonik nale\u017cy przela\u0107 do butelki z&nbsp;ciemnego szk\u0142a. Tonik nale\u017cy przechowywa\u0107 w&nbsp;ciemnym i&nbsp;suchym miejscu, zu\u017cy\u0107 przed up\u0142ywem 3 miesi\u0119cy.<\/p>\n<h5 style=\"text-align: right\">Dr Katarzyna Rubinowska<br \/>Katedra Botaniki i&nbsp;Fizjologii Ro\u015blin<br \/>Wydzia\u0142 Biologii \u015arodowiskowej<br \/>Fotografie: dr Aneta Sulborska \u2013 R\u00f3\u017cycka<br \/>Prof. dr hab. Bo\u017cena Denisow<\/h5>\n                                        <\/div>\n\t\t\t\t\t\t                                <\/div>\n\t\t\t\t                <div class=\"mn-content-block\">\n\t                                <\/div>\n\t\t\t\t                <div class=\"mn-content-block\">\n\t                                <\/div>\n\t\t\t\t                <div class=\"mn-content-block\">\n\t                                <\/div>\n\t\t\t\t                <div class=\"mn-content-block\">\n\t                                <\/div>\n\t\t\t\t                <div class=\"mn-content-block\">\n\t                                <\/div>\n\t\t\t\t                <div class=\"mn-content-block\">\n\t                                <\/div>\n\t\t\t\t                <div class=\"mn-content-block\">\n\t                                <\/div>\n\t\t\t\t                <div class=\"mn-content-block\">\n\t                                <\/div>\n\t\t\t\t                <div class=\"mn-content-block\">\n\t                                <\/div>\n\t\t\t\t                <div class=\"mn-content-block\">\n\t                                <\/div>\n\t\t\t\t                <div class=\"mn-content-block\">\n\t                                <\/div>\n\t\t\t\t                <div class=\"mn-content-block\">\n\t                                <\/div>\n\t\t\t\t                <div class=\"mn-content-block\">\n\t                                <\/div>\n\t\t\t\t                <div class=\"mn-content-block\">\n\t                                <\/div>\n\t\t\t\t                <div class=\"mn-content-block\">\n\t                                <\/div>\n\t\t\t\t                <div class=\"mn-content-block\">\n\t                                <\/div>\n\t\t\t\t                <div class=\"mn-content-block\">\n\t                                <\/div>\n\t\t\t\t                <div class=\"mn-content-block\">\n\t                                <\/div>\n\t\t\t\t                <div class=\"mn-content-block\">\n\t                                <\/div>\n\t\t\t\t\t\t<\/div>\n\t<\/div>\n<\/section>\n\t\t<\/div>\n\t\t\t\t<\/div>\n\t\t\t\t\t\t<\/div>\n\t\t\t\t\t<\/div>\n\t\t<\/div>\n\t\t\t\t\t\t\t\t<\/div>\n\t\t\t\t\t<\/div>\n\t\t<\/section>\n\t\t\t\t\t\t<\/div>\n\t\t\t\t\t\t<\/div>\n\t\t\t\t\t<\/div>\n\t\t","protected":false},"excerpt":{"rendered":"<p>Pokrzywa. \u201eKorze\u0144 z\u00a0miodem utarty cer\u0119 g\u0142adk\u0105 i\u00a0cudn\u0105 czyni, w\u0119gry sp\u0119dza\u201d Pokrzywa zwyczajna (Urtica dioica L.) jest ro\u015blin\u0105 dziko rosn\u0105c\u0105, porastaj\u0105c\u0105 nieu\u017cytki, \u0142\u0105ki, pola, cz\u0119sto spotykana jest r\u00f3wnie\u017c blisko domostw. Co ciekawe pokrzyw\u0119 spotkamy na wszystkich kontynentach. Nazwa \u0142aci\u0144ska pochodzi od s\u0142owa uro, oznaczaj\u0105cego pal\u0119, piek\u0119, parz\u0119. Ro\u015bliny pokrzywy s\u0105 bogatym \u017ar\u00f3d\u0142em wielu substancji aktywnych wykorzystywanych [&hellip;]<\/p>\n","protected":false},"author":2,"featured_media":150852,"comment_status":"closed","ping_status":"open","sticky":false,"template":"elementor_header_footer","format":"standard","meta":{"_monsterinsights_skip_tracking":false,"_monsterinsights_sitenote_active":false,"_monsterinsights_sitenote_note":"","_monsterinsights_sitenote_category":0},"categories":[24],"tags":[],"_links":{"self":[{"href":"https:\/\/up.lublin.pl\/srodowiskowa\/wp-json\/wp\/v2\/posts\/150809"}],"collection":[{"href":"https:\/\/up.lublin.pl\/srodowiskowa\/wp-json\/wp\/v2\/posts"}],"about":[{"href":"https:\/\/up.lublin.pl\/srodowiskowa\/wp-json\/wp\/v2\/types\/post"}],"author":[{"embeddable":true,"href":"https:\/\/up.lublin.pl\/srodowiskowa\/wp-json\/wp\/v2\/users\/2"}],"replies":[{"embeddable":true,"href":"https:\/\/up.lublin.pl\/srodowiskowa\/wp-json\/wp\/v2\/comments?post=150809"}],"version-history":[{"count":5,"href":"https:\/\/up.lublin.pl\/srodowiskowa\/wp-json\/wp\/v2\/posts\/150809\/revisions"}],"predecessor-version":[{"id":150851,"href":"https:\/\/up.lublin.pl\/srodowiskowa\/wp-json\/wp\/v2\/posts\/150809\/revisions\/150851"}],"wp:featuredmedia":[{"embeddable":true,"href":"https:\/\/up.lublin.pl\/srodowiskowa\/wp-json\/wp\/v2\/media\/150852"}],"wp:attachment":[{"href":"https:\/\/up.lublin.pl\/srodowiskowa\/wp-json\/wp\/v2\/media?parent=150809"}],"wp:term":[{"taxonomy":"category","embeddable":true,"href":"https:\/\/up.lublin.pl\/srodowiskowa\/wp-json\/wp\/v2\/categories?post=150809"},{"taxonomy":"post_tag","embeddable":true,"href":"https:\/\/up.lublin.pl\/srodowiskowa\/wp-json\/wp\/v2\/tags?post=150809"}],"curies":[{"name":"wp","href":"https:\/\/api.w.org\/{rel}","templated":true}]}}