{"id":150768,"date":"2022-07-15T10:44:18","date_gmt":"2022-07-15T08:44:18","guid":{"rendered":"https:\/\/up.lublin.pl\/srodowiskowa\/?p=150768"},"modified":"2022-07-18T09:43:42","modified_gmt":"2022-07-18T07:43:42","slug":"botanika-pszczelarska-pasieki-miejskie-lublina","status":"publish","type":"post","link":"https:\/\/up.lublin.pl\/srodowiskowa\/botanika-pszczelarska-pasieki-miejskie-lublina\/","title":{"rendered":"Botanika pszczelarska &#8211; Pasieki miejskie Lublina"},"content":{"rendered":"\t\t<div data-elementor-type=\"wp-post\" data-elementor-id=\"150768\" class=\"elementor elementor-150768\" data-elementor-settings=\"[]\">\n\t\t\t\t\t\t<div class=\"elementor-inner\">\n\t\t\t\t\t\t\t<div class=\"elementor-section-wrap\">\n\t\t\t\t\t\t\t<section class=\"elementor-section elementor-top-section elementor-element elementor-element-496e2a5 elementor-section-boxed elementor-section-height-default elementor-section-height-default\" data-id=\"496e2a5\" data-element_type=\"section\">\n\t\t\t\t\t\t<div class=\"elementor-container elementor-column-gap-default\">\n\t\t\t\t\t\t\t<div class=\"elementor-row\">\n\t\t\t\t\t<div class=\"elementor-column elementor-col-100 elementor-top-column elementor-element elementor-element-ce0b0d7\" data-id=\"ce0b0d7\" data-element_type=\"column\">\n\t\t\t<div class=\"elementor-column-wrap elementor-element-populated\">\n\t\t\t\t\t\t\t<div class=\"elementor-widget-wrap\">\n\t\t\t\t\t\t<div class=\"elementor-element elementor-element-0c1ddb0 elementor-widget elementor-widget-m5c\" data-id=\"0c1ddb0\" data-element_type=\"widget\" data-widget_type=\"m5c.default\">\n\t\t\t\t<div class=\"elementor-widget-container\">\n\t\t\t<section class=\"mn-m5-c mn-m5-d2 mn-bg-white\">\n\t<div class=\"mn-grid\">\n\t\t\t\t<div class=\"mn-content mn-grid-9\">\n\t\t\t                <div class=\"mn-content-block active\">\n\t                                                        <div class=\"block-text\">\n\t                                        <p><img loading=\"lazy\" class=\"alignnone size-full wp-image-269210 aligncenter\" src=\"https:\/\/up.lublin.pl\/wp-content\/uploads\/2022\/05\/2022-Rok-Botaniki_1-1.png\" alt=\"\" width=\"257\" height=\"200\" \/><\/p>\n<h2 style=\"text-align: center;\">Cykl &#8220;Botanika blisko nas&#8221;<br \/>Botanika pszczelarska &#8211; Pasieki miejskie Lublina<\/h2>\n<p>Pszczo\u0142y miodne bardzo dobrze funkcjonuj\u0105 w&nbsp;pasiekach miejskich, w&nbsp;kt\u00f3rych nie maj\u0105 problemu ze znalezieniem pokarmu. R\u00f3\u017cnorodno\u015b\u0107 zieleni miejskiej, na kt\u00f3r\u0105 sk\u0142adaj\u0105 si\u0119 drzewa i&nbsp;krzewy sadzone w&nbsp;parkach, na skwerach oraz wzd\u0142u\u017c ulic, pas\u00f3w zieleni, a&nbsp;tak\u017ce specjalnie zak\u0142adane \u0142\u0105ki kwietne i&nbsp;ogrody na dachach zapewniaj\u0105 pszczo\u0142om ci\u0105g\u0142o\u015b\u0107 bazy pokarmowej od wczesnej wiosny do p\u00f3\u017anej jesieni. Cennym \u017ar\u00f3d\u0142em po\u017cytku w&nbsp;miastach s\u0105 tak\u017ce kwietniki, ro\u015bliny sadzone w&nbsp;donicach, na balkonach, a&nbsp;tak\u017ce chwasty. Zbierany z&nbsp;nich nektar, py\u0142ek, a&nbsp;tak\u017ce spad\u017a uwa\u017cane s\u0105 za ekologicznie czysty. Coraz wi\u0119cej du\u017cych aglomeracji miejskich w&nbsp;Polsce decyduje si\u0119 wi\u0119c na za\u0142o\u017cenie cho\u0107by niewielkich pasiek miejskich, kt\u00f3re najcz\u0119\u015bciej ustawiane s\u0105 na dachach galerii handlowych, hoteli oraz innych budynk\u00f3w u\u017cyteczno\u015bci publicznej.<\/p>\n<p style=\"text-align: right;\"><img loading=\"lazy\" class=\"alignnone size-full wp-image-281408\" src=\"https:\/\/up.lublin.pl\/wp-content\/uploads\/2022\/07\/pexels-pixabay-56876-1800.jpg\" alt=\"\" width=\"800\" height=\"534\" \/>fot.: Pixabay<\/p>\n<p>Najwa\u017cniejsz\u0105 kwesti\u0105 funkcjonowania pasieki miejskiej jest mo\u017cliwo\u015b\u0107 bezpo\u015bredniego obcowania cz\u0142owieka z&nbsp;przyrod\u0105 oraz zwi\u0119kszenie i&nbsp;zabezpieczenie naturalnych zapylaczy. Istnienie pasiek ma tak\u017ce wymiar edukacyjny, poniewa\u017c oswaja mieszka\u0144c\u00f3w miasta z&nbsp;pszczo\u0142ami, popularyzuje wiedz\u0119 na temat \u017cycia i&nbsp;znaczenia pszcz\u00f3\u0142 w&nbsp;\u015brodowisku oraz uczy odr\u00f3\u017cnia\u0107 pszczo\u0142\u0119 miodn\u0105 od innych owad\u00f3w. Ponadto podnosi problem ich masowego wymierania. Funkcjonowanie pasieki miejskiej pozwala tak\u017ce na pozyskanie pewnej ilo\u015bci miodu, kt\u00f3ry uwa\u017cany jest za bardziej czysty i&nbsp;ekologiczny w&nbsp;por\u00f3wnaniu z&nbsp;tym, pozyskanym z&nbsp;teren\u00f3w rolniczych obj\u0119tych siln\u0105 chemizacj\u0105 celem ochrony ro\u015blin uprawnych.<\/p>\n<p>Do dzi\u015b nie ma jednak og\u00f3lnych przepis\u00f3w prawnych reguluj\u0105cych kwesti\u0119 pasiek miejskich, kt\u00f3re obowi\u0105zywa\u0142yby na terenie ca\u0142ego kraju. Ka\u017cde miasto reguluje ich funkcjonowanie wprowadzanymi przez siebie uchwa\u0142ami. W&nbsp;Lublinie do dnia dzisiejszego problem egzystowania pszcz\u00f3\u0142 miodnych w&nbsp;mie\u015bcie reguluje uchwa\u0142a nr 729\/XXII\/2020 Rady Miasta Lublin z&nbsp;dnia 15 pa\u017adziernika 2020 r. w&nbsp;sprawie Regulaminu utrzymania czysto\u015bci i&nbsp;porz\u0105dku na terenie miasta Lublin.<\/p>\n<p>Lubelszczyzna zawsze stanowi\u0142a du\u017ce zag\u0142\u0119bie pszczelarskie, a&nbsp;pszczo\u0142y miodne to wa\u017cni mieszka\u0144cy Lublina. Na terenie \u015bcis\u0142ego miasta znajduje si\u0119 trzy pasieki, w&nbsp;tym na dachu Katolickiego Uniwersytetu Lubelskiego, Centrum Spotkania Kultur, a&nbsp;tak\u017ce dachu galerii handlowej \u201eTarasy Zamkowe\u201d obecnie \u201eVivo\u201d. Ponadto na terenie Lublina funkcjonuje du\u017ca pasieka Uniwersytetu Przyrodniczego w&nbsp;Lublinie zlokalizowana na Felinie, jak te\u017c pasieka Uniwersytetu Marii Curie-Sk\u0142odowskiej stoj\u0105ca na terenie Ogrodu Botanicznego.<\/p>\n<p><strong>Pasieka UP w&nbsp;Lublinie<\/strong><br \/><strong>Najstarsz\u0105<\/strong> miejsk\u0105 pasiek\u0105 w&nbsp;Lublinie, licz\u0105c\u0105 60 lat, jest pasieka Uniwersytetu Przyrodniczego w&nbsp;Lublinie. Obecnie jest ona zlokalizowana w&nbsp;dzielnicy Felin, oko\u0142o 11 km od \u015bcis\u0142ego centrum miasta. Liczba rodzin w&nbsp;pasiece waha si\u0119 od 20 do 100, w&nbsp;zale\u017cno\u015bci od intensywno\u015bci prowadzonych bada\u0144. Pasieka utrzymywana jest w&nbsp;trzech rodzajach uli, w&nbsp;zale\u017cno\u015bci od przeznaczania rodzin pszczelich. Liczebno\u015b\u0107 pasieki i&nbsp;bardzo dobre przygotowanie merytoryczne oraz praktyczne zespo\u0142u daje mo\u017cliwo\u015b\u0107 przeprowadzenia r\u00f3\u017cnorodnych do\u015bwiadcze\u0144 zwi\u0105zanych z&nbsp;pszczo\u0142ami.<\/p>\n<p><img loading=\"lazy\" class=\"alignnone size-full wp-image-281353\" src=\"https:\/\/up.lublin.pl\/wp-content\/uploads\/2022\/07\/Pasieka-UP1-800.png\" alt=\"\" width=\"800\" height=\"488\" \/><\/p>\n<p><strong>Pasieka KUL<\/strong><br \/>Dzi\u0119ki projektowi ,,UL na KUL&#8221; oraz konferencji ,,Pszczo\u0142a w&nbsp;mie\u015bcie&#8221; w&nbsp;2016 roku powsta\u0142a pierwsza pasieka miejska w&nbsp;Lublinie zlokalizowana na dachu budynku Konwiktu Ksi\u0119\u017cy Student\u00f3w nale\u017c\u0105cego do Katolickiego Uniwersytetu Lubelskiego. W&nbsp;2019 roku zosta\u0142a ona powi\u0119kszona o&nbsp;kompleks zlokalizowany za Ko\u015bcio\u0142em Akademickim. Obecnie pasieka KUL liczy 13 uli pszczelich (3 zlokalizowane na dachu Konwiktu Ksi\u0119\u017cy Student\u00f3w i&nbsp;10 za Ko\u015bcio\u0142em Akademickim), a&nbsp;miodobrania w&nbsp;pasiece przeprowadza si\u0119 najcz\u0119\u015bciej 4 razy w&nbsp;sezonie. W&nbsp;pasiece KUL ustawiono tak\u017ce naturaln\u0105 k\u0142od\u0119 oraz ulik dla pszcz\u00f3\u0142 samotnic. Pszczo\u0142om sprzyja ro\u015blinno\u015b\u0107 w&nbsp;donicach ustawionych w&nbsp;strefie intensywnej i&nbsp;niskie rabaty kwietne zlokalizowane w&nbsp;ekstensywnej lotu pszcz\u00f3\u0142. Z&nbsp;uwagi na bezpiecze\u0144stwo pasieka na dachu Konwiktu Ksi\u0119\u017cy Student\u00f3w nie jest udost\u0119pniana zwiedzaj\u0105cym, cz\u0119\u015b\u0107 usytuowana za Ko\u015bcio\u0142em Akademickim jest natomiast og\u00f3lnie dost\u0119pna.<\/p>\n<p><img loading=\"lazy\" class=\"alignnone size-full wp-image-281335\" src=\"https:\/\/up.lublin.pl\/wp-content\/uploads\/2022\/07\/Pasieka-KUL-kosciol-a800.png\" alt=\"\" width=\"800\" height=\"508\" \/><\/p>\n<p><strong>Pasieka CSK<\/strong><br \/>R\u00f3wnie\u017c w&nbsp;2016 roku powsta\u0142a Pasieka na dachu Centrum Spotkania Kultur w&nbsp;Lublinie, kt\u00f3ra stanowi kompleksowy projekt przyrodniczo-edukacyjny. W&nbsp;jego sk\u0142ad, poza ulami z&nbsp;pszczo\u0142ami, wchodzi jeszcze pracownia pszczelarska i&nbsp;sala edukacyjna. Pasieka na dachu CSK jest najwi\u0119ksz\u0105 i&nbsp;najbardziej rozpropagowan\u0105 kompleksow\u0105 pasiek\u0105 miejsk\u0105 nie tylko na terenie Lublina, ale tak\u017ce na terenie Polski. Obecnie liczy ona od 15 do 20 pni pszczelich i&nbsp;nie wyklucza si\u0119 mo\u017cliwo\u015bci jej powi\u0119kszenia. Miodobrania prowadzone s\u0105 najcz\u0119\u015bciej 2-3 razy w&nbsp;sezonie, a&nbsp;uzyskany od pszcz\u00f3\u0142 mi\u00f3d mo\u017cna naby\u0107 w&nbsp;pobliskim sklepiku. Lokalizacji pasieki sprzyja obsadzenie dachu CSK drzewami i&nbsp;krzewami oraz specjalnymi ro\u015blinami miododajnymi, jak r\u00f3wnie\u017c blisko\u015b\u0107 Ogrodu Saskiego. Pasieka jest udost\u0119pniona zwiedzaj\u0105cym codziennie, a&nbsp;oswojone z&nbsp;obecno\u015bci\u0105 ludzi pszczo\u0142y nie stanowi\u0105 dla mieszka\u0144c\u00f3w Lublina najmniejszego zagro\u017cenia.<\/p>\n<p><img loading=\"lazy\" class=\"size-full wp-image-281339\" src=\"https:\/\/up.lublin.pl\/wp-content\/uploads\/2022\/07\/Pasieka-CSK-2-800.jpg\" alt=\"\" width=\"800\" height=\"557\" \/><\/p>\n<p><strong>Pasieka VIVO<\/strong><br \/>Od 5 lat istnieje ma\u0142a, licz\u0105ca 4 pnie pszczele, pasieka miejska na dachu galerii handlowej \u201eTarasy Zamkowe\u201d, obecnie \u201eVivo\u201d. Pszczo\u0142y maj\u0105 si\u0119 w&nbsp;niej \u015bwietnie, a&nbsp;pobliski teren pozwala na odebranie od nich znacz\u0105cej ilo\u015bci miodu. Pasiek\u0119 wspomaga \u0142\u0105ka kwietna na dachu galerii, a&nbsp;ponadto pobliskie ogr\u00f3dki dzia\u0142kowe. Aby oswoi\u0107 mieszka\u0144c\u00f3w z&nbsp;pszczo\u0142ami i&nbsp;funkcjonowaniem rodziny pszczelej raz w&nbsp;sezonie prowadzone jest tak zwane miodobranie pokazowe.<\/p>\n<p><img loading=\"lazy\" class=\"size-full wp-image-281346\" src=\"https:\/\/up.lublin.pl\/wp-content\/uploads\/2022\/07\/Pasieka-VIVO-800.jpg\" alt=\"\" width=\"800\" height=\"487\" \/><\/p>\n<p><strong>Pasieka UMCS<\/strong> <br \/>Najm\u0142odsza pasieka miejska w&nbsp;Lublinie nale\u017cy do Uniwersytetu Marii Curie-Sk\u0142odowskiej i&nbsp;zlokalizowana jest na terenie Ogrodu Botanicznego w&nbsp;odleg\u0142o\u015bci 5 km od centrum miasta. Licz\u0105ca 5 rodzin pszczelich pasieka zosta\u0142a otwarta w&nbsp;sierpniu 2021 roku i&nbsp;spe\u0142nia przede wszystkim funkcj\u0119 edukacyjn\u0105. Udost\u0119pniana jest tylko grupom zorganizowanym pod opiek\u0105 pracownika Ogrodu Botanicznego.<\/p>\n<p><img loading=\"lazy\" class=\"alignnone size-full wp-image-281363\" src=\"https:\/\/up.lublin.pl\/wp-content\/uploads\/2022\/07\/Pasieka-UMCS2a-800.png\" alt=\"\" width=\"800\" height=\"500\" \/><\/p>\n<p>Jak podkre\u015blaj\u0105 wszyscy opiekunowie pasiek, rodziny pszczele dobierane do pasiek miejskich powinny charakteryzowa\u0107 si\u0119 \u0142agodno\u015bci\u0105 rasy, szczeg\u00f3lnie matki pszczelej, oraz umiarkowanym rozwojem. G\u0142\u00f3wnym problemem, kt\u00f3ry mo\u017ce doprowadzi\u0107 do konfliktu pszcz\u00f3\u0142 z&nbsp;otoczeniem i&nbsp;przebywaj\u0105cym w&nbsp;nim lud\u017ami jest bowiem agresywno\u015b\u0107 pszcz\u00f3\u0142 oraz ich du\u017ca sk\u0142onno\u015b\u0107 do rojenia si\u0119.<\/p>\n<p style=\"text-align: right;\"><strong>Opracowa\u0142 <\/strong><br \/><strong>dr in\u017c. Ernest Stawiarz<\/strong><br \/><strong>Katedra Botaniki i&nbsp;Fizjologii Ro\u015blin<\/strong><br \/><strong>Zak\u0142ad Biologii Ro\u015blin<\/strong><\/p>\n<p>[Cykl \u201eBotanika blisko nas\u201d ma na celu przybli\u017cenie fascynuj\u0105cego \u015bwiata ro\u015blin. Tw\u00f3rcami cyku s\u0105 pracownicy <a href=\"https:\/\/up.lublin.pl\/srodowiskowa\/\">Wydzia\u0142u Biologii \u015arodowiskowej<\/a>, w&nbsp;ramach Roku Botaniki 2022.]<\/p>\n                                        <\/div>\n\t\t\t\t\t\t                                <\/div>\n\t\t\t\t                <div class=\"mn-content-block\">\n\t                                <\/div>\n\t\t\t\t                <div class=\"mn-content-block\">\n\t                                <\/div>\n\t\t\t\t                <div class=\"mn-content-block\">\n\t                                <\/div>\n\t\t\t\t                <div class=\"mn-content-block\">\n\t                                <\/div>\n\t\t\t\t                <div class=\"mn-content-block\">\n\t                                <\/div>\n\t\t\t\t                <div class=\"mn-content-block\">\n\t                                <\/div>\n\t\t\t\t                <div class=\"mn-content-block\">\n\t                                <\/div>\n\t\t\t\t                <div class=\"mn-content-block\">\n\t                                <\/div>\n\t\t\t\t                <div class=\"mn-content-block\">\n\t                                <\/div>\n\t\t\t\t                <div class=\"mn-content-block\">\n\t                                <\/div>\n\t\t\t\t                <div class=\"mn-content-block\">\n\t                                <\/div>\n\t\t\t\t                <div class=\"mn-content-block\">\n\t                                <\/div>\n\t\t\t\t                <div class=\"mn-content-block\">\n\t                                <\/div>\n\t\t\t\t                <div class=\"mn-content-block\">\n\t                                <\/div>\n\t\t\t\t                <div class=\"mn-content-block\">\n\t                                <\/div>\n\t\t\t\t                <div class=\"mn-content-block\">\n\t                                <\/div>\n\t\t\t\t                <div class=\"mn-content-block\">\n\t                                <\/div>\n\t\t\t\t                <div class=\"mn-content-block\">\n\t                                <\/div>\n\t\t\t\t                <div class=\"mn-content-block\">\n\t                                <\/div>\n\t\t\t\t\t\t<\/div>\n\t<\/div>\n<\/section>\n\t\t<\/div>\n\t\t\t\t<\/div>\n\t\t\t\t\t\t<\/div>\n\t\t\t\t\t<\/div>\n\t\t<\/div>\n\t\t\t\t\t\t\t\t<\/div>\n\t\t\t\t\t<\/div>\n\t\t<\/section>\n\t\t\t\t\t\t<\/div>\n\t\t\t\t\t\t<\/div>\n\t\t\t\t\t<\/div>\n\t\t","protected":false},"excerpt":{"rendered":"<p>Cykl &#8220;Botanika blisko nas&#8221;Botanika pszczelarska &#8211; Pasieki miejskie Lublina Pszczo\u0142y miodne bardzo dobrze funkcjonuj\u0105 w&nbsp;pasiekach miejskich, w&nbsp;kt\u00f3rych nie maj\u0105 problemu ze znalezieniem pokarmu. R\u00f3\u017cnorodno\u015b\u0107 zieleni miejskiej, na kt\u00f3r\u0105 sk\u0142adaj\u0105 si\u0119 drzewa i&nbsp;krzewy sadzone w&nbsp;parkach, na skwerach oraz wzd\u0142u\u017c ulic, pas\u00f3w zieleni, a&nbsp;tak\u017ce specjalnie zak\u0142adane \u0142\u0105ki kwietne i&nbsp;ogrody na dachach zapewniaj\u0105 pszczo\u0142om ci\u0105g\u0142o\u015b\u0107 bazy pokarmowej od [&hellip;]<\/p>\n","protected":false},"author":2,"featured_media":150769,"comment_status":"closed","ping_status":"open","sticky":false,"template":"elementor_header_footer","format":"standard","meta":{"_monsterinsights_skip_tracking":false,"_monsterinsights_sitenote_active":false,"_monsterinsights_sitenote_note":"","_monsterinsights_sitenote_category":0},"categories":[24],"tags":[],"_links":{"self":[{"href":"https:\/\/up.lublin.pl\/srodowiskowa\/wp-json\/wp\/v2\/posts\/150768"}],"collection":[{"href":"https:\/\/up.lublin.pl\/srodowiskowa\/wp-json\/wp\/v2\/posts"}],"about":[{"href":"https:\/\/up.lublin.pl\/srodowiskowa\/wp-json\/wp\/v2\/types\/post"}],"author":[{"embeddable":true,"href":"https:\/\/up.lublin.pl\/srodowiskowa\/wp-json\/wp\/v2\/users\/2"}],"replies":[{"embeddable":true,"href":"https:\/\/up.lublin.pl\/srodowiskowa\/wp-json\/wp\/v2\/comments?post=150768"}],"version-history":[{"count":13,"href":"https:\/\/up.lublin.pl\/srodowiskowa\/wp-json\/wp\/v2\/posts\/150768\/revisions"}],"predecessor-version":[{"id":150792,"href":"https:\/\/up.lublin.pl\/srodowiskowa\/wp-json\/wp\/v2\/posts\/150768\/revisions\/150792"}],"wp:featuredmedia":[{"embeddable":true,"href":"https:\/\/up.lublin.pl\/srodowiskowa\/wp-json\/wp\/v2\/media\/150769"}],"wp:attachment":[{"href":"https:\/\/up.lublin.pl\/srodowiskowa\/wp-json\/wp\/v2\/media?parent=150768"}],"wp:term":[{"taxonomy":"category","embeddable":true,"href":"https:\/\/up.lublin.pl\/srodowiskowa\/wp-json\/wp\/v2\/categories?post=150768"},{"taxonomy":"post_tag","embeddable":true,"href":"https:\/\/up.lublin.pl\/srodowiskowa\/wp-json\/wp\/v2\/tags?post=150768"}],"curies":[{"name":"wp","href":"https:\/\/api.w.org\/{rel}","templated":true}]}}