{"id":150583,"date":"2022-06-10T07:38:27","date_gmt":"2022-06-10T05:38:27","guid":{"rendered":"https:\/\/up.lublin.pl\/srodowiskowa\/?p=150583"},"modified":"2022-06-10T07:43:44","modified_gmt":"2022-06-10T05:43:44","slug":"konkurs-otwarty-na-stanowisko-asystenta-badawczo-dydaktycznego-w-katedrze-biofizyki-pracownia-biomechaniki","status":"publish","type":"post","link":"https:\/\/up.lublin.pl\/srodowiskowa\/konkurs-otwarty-na-stanowisko-asystenta-badawczo-dydaktycznego-w-katedrze-biofizyki-pracownia-biomechaniki\/","title":{"rendered":"Konkurs otwarty na stanowisko asystenta badawczo-dydaktycznego w Katedrze Biofizyki, Pracownia Biomechaniki"},"content":{"rendered":"<p>&nbsp;<\/p>\n<p style=\"text-align: center\"><strong>Konkurs otwarty na stanowisko asystenta badawczo-dydaktycznego <\/strong><\/p>\n<p style=\"text-align: center\">w Katedrze Biofizyki, Pracownia Biomechaniki<\/p>\n<p>&nbsp;<\/p>\n<p style=\"text-align: center\"><strong>Dziekan Wydzia\u0142u Biologii \u015arodowiskowej<\/strong><strong> Uniwersytetu Przyrodniczego w Lublinie og\u0142asza konkurs otwarty na stanowisko asystenta badawczo-dydaktycznego <\/strong><\/p>\n<p style=\"text-align: center\"><strong>w Katedrze <\/strong><strong>Biofizyki, Pracownia Biomechaniki<\/strong><\/p>\n<p><strong>\u00a0<\/strong><\/p>\n<p>&nbsp;<\/p>\n<p style=\"text-align: center\"><strong>Wymagania stawiane Kandydatom:<\/strong><\/p>\n<p><strong>\u00a0<\/strong><\/p>\n<ol>\n<li>Uko\u0144czone studia magisterskie na kierunkach bioin\u017cynieria, biotechnologia lub biologia;<\/li>\n<li>Aktywna dzia\u0142alno\u015b\u0107 naukowa i\u00a0popularno-naukowa (udzia\u0142 w\u00a0konferencjach naukowych, wydarzeniach popularno-naukowych, publikacje naukowe),<\/li>\n<li>Do\u015bwiadczenie w pracy laboratoryjnej, w tym z wykorzystaniem metod i technik laboratoryjnych z zakresu\u00a0biologii molekularnej,<\/li>\n<li>Bieg\u0142a znajomo\u015b\u0107 j\u0119zyka polskiego w\u00a0mowie i\u00a0pi\u015bmie niezb\u0119dna w\u00a0pracy dydaktycznej,<\/li>\n<li>Umiej\u0119tno\u015b\u0107 wsp\u00f3\u0142pracy w\u00a0zespo\u0142ach badawczych o charakterze interdyscyplinarnym,<\/li>\n<li>Znajomo\u015b\u0107 j\u0119zyka angielskiego umo\u017cliwiaj\u0105ca przygotowywanie publikacji naukowych oraz prezentacj\u0119 wynik\u00f3w bada\u0144 na konferencjach naukowych,<\/li>\n<li>Nienaganna postawa etyczno-moralna.<\/li>\n<\/ol>\n<p><strong>\u00a0<\/strong><\/p>\n<p style=\"text-align: center\"><strong>Wykaz dokument\u00f3w:<\/strong><\/p>\n<p>&nbsp;<\/p>\n<ul>\n<li>podanie o\u00a0zatrudnienie skierowane do JM Rektora, \u017cyciorys, kwestionariusz dla osoby ubiegaj\u0105cej si\u0119 o\u00a0zatrudnienie (formularz do pobrania ze strony internetowej Uczelni, <a href=\"https:\/\/up.lublin.pl\/bip\/konkursy\/druki-do-pobrania\/\">https:\/up.lublin.pl\/bip\/konkursy\/druki-do-pobrania\/<\/a>,<\/li>\n<li>dyplomy potwierdzaj\u0105ce posiadane wykszta\u0142cenie,<\/li>\n<li>wykaz dorobku naukowego,<\/li>\n<li>inne dokumenty potwierdzaj\u0105ce posiadane kwalifikacje,<\/li>\n<li>o\u015bwiadczenie o\u00a0spe\u0142nieniu wymaga\u0144 okre\u015blonych w\u00a0art. 113 ustawy z\u00a0dnia 20 lipca 2018 Prawo o\u00a0szkolnictwie wy\u017cszym i\u00a0nauce (Dz. U. 2018, poz. 1668) (formularz do pobrania ze strony internetowej Uczelni <a href=\"http:\/\/www.up.lublin.pl\/bip\/konkursy\/druki-do-pobrania\/\">https:\/up.lublin.pl\/bip\/konkursy\/druki-do-pobrania\/<\/a><\/li>\n<li>o\u015bwiadczenie, \u017ce Uniwersytet Przyrodniczy w\u00a0Lublinie b\u0119dzie podstawowym miejscem pracy w\u00a0przypadku wygrania konkursu (formularz do pobrania ze strony internetowej Uczelni <a href=\"http:\/\/www.up.lublin.pl\/bip\/konkursy\/druki-do-pobrania\/\">https:\/up.lublin.pl\/bip\/konkursy\/druki-do-pobrania\/<\/a>),<\/li>\n<li>zgoda na przetwarzanie danych osobowych,<\/li>\n<li>w przypadku cudzoziemc\u00f3w Certyfikat Znajomo\u015bci J\u0119zyka Polskiego, wydany przez Pa\u0144stwow\u0105 Komisj\u0119 Po\u015bwiadczenia Znajomo\u015bci J\u0119zyka Polskiego Jako Obcego.<\/li>\n<\/ul>\n<p>&nbsp;<\/p>\n<p><strong>\u00a0<\/strong><\/p>\n<p style=\"text-align: center\">Dokumenty wydane w\u00a0j\u0119zyku obcym winny by\u0107 przet\u0142umaczone na j\u0119zyk polski. Kopie dokument\u00f3w powinny by\u0107 po\u015bwiadczone notarialnie lub z\u0142o\u017cone bezpo\u015brednio w\u00a0UP w\u00a0Lublinie z\u00a0orygina\u0142em do wgl\u0105du.<\/p>\n<p>&nbsp;<\/p>\n<p style=\"text-align: center\">Dokumenty prosz\u0119 sk\u0142ada\u0107 w:<\/p>\n<p style=\"text-align: center\">Dziekanacie Wydzia\u0142u Biologii \u015arodowiskowej Uniwersytetu Przyrodniczego w Lublinie<\/p>\n<p style=\"text-align: center\">ul. Akademicka 13<\/p>\n<p style=\"text-align: center\">do dnia <strong>10 lipca 2022 r<\/strong><\/p>\n<p>&nbsp;<\/p>\n<p style=\"text-align: right\"><em>Dziekan Wydzia\u0142u<\/em><\/p>\n<p style=\"text-align: right\"><em>Prof. dr hab. Tomasz Mieczan<\/em><\/p>\n","protected":false},"excerpt":{"rendered":"<p>&nbsp; Konkurs otwarty na stanowisko asystenta badawczo-dydaktycznego w Katedrze Biofizyki, Pracownia Biomechaniki &nbsp; Dziekan Wydzia\u0142u Biologii \u015arodowiskowej Uniwersytetu Przyrodniczego w Lublinie og\u0142asza konkurs otwarty na stanowisko asystenta badawczo-dydaktycznego w Katedrze Biofizyki, Pracownia Biomechaniki \u00a0 &nbsp; Wymagania stawiane Kandydatom: \u00a0 Uko\u0144czone studia magisterskie na kierunkach bioin\u017cynieria, biotechnologia lub biologia; Aktywna dzia\u0142alno\u015b\u0107 naukowa i\u00a0popularno-naukowa (udzia\u0142 w\u00a0konferencjach naukowych, [&hellip;]<\/p>\n","protected":false},"author":202,"featured_media":150503,"comment_status":"closed","ping_status":"open","sticky":false,"template":"","format":"standard","meta":{"_monsterinsights_skip_tracking":false,"_monsterinsights_sitenote_active":false,"_monsterinsights_sitenote_note":"","_monsterinsights_sitenote_category":0},"categories":[24],"tags":[],"_links":{"self":[{"href":"https:\/\/up.lublin.pl\/srodowiskowa\/wp-json\/wp\/v2\/posts\/150583"}],"collection":[{"href":"https:\/\/up.lublin.pl\/srodowiskowa\/wp-json\/wp\/v2\/posts"}],"about":[{"href":"https:\/\/up.lublin.pl\/srodowiskowa\/wp-json\/wp\/v2\/types\/post"}],"author":[{"embeddable":true,"href":"https:\/\/up.lublin.pl\/srodowiskowa\/wp-json\/wp\/v2\/users\/202"}],"replies":[{"embeddable":true,"href":"https:\/\/up.lublin.pl\/srodowiskowa\/wp-json\/wp\/v2\/comments?post=150583"}],"version-history":[{"count":4,"href":"https:\/\/up.lublin.pl\/srodowiskowa\/wp-json\/wp\/v2\/posts\/150583\/revisions"}],"predecessor-version":[{"id":150587,"href":"https:\/\/up.lublin.pl\/srodowiskowa\/wp-json\/wp\/v2\/posts\/150583\/revisions\/150587"}],"wp:featuredmedia":[{"embeddable":true,"href":"https:\/\/up.lublin.pl\/srodowiskowa\/wp-json\/wp\/v2\/media\/150503"}],"wp:attachment":[{"href":"https:\/\/up.lublin.pl\/srodowiskowa\/wp-json\/wp\/v2\/media?parent=150583"}],"wp:term":[{"taxonomy":"category","embeddable":true,"href":"https:\/\/up.lublin.pl\/srodowiskowa\/wp-json\/wp\/v2\/categories?post=150583"},{"taxonomy":"post_tag","embeddable":true,"href":"https:\/\/up.lublin.pl\/srodowiskowa\/wp-json\/wp\/v2\/tags?post=150583"}],"curies":[{"name":"wp","href":"https:\/\/api.w.org\/{rel}","templated":true}]}}