{"id":150536,"date":"2022-06-07T09:34:52","date_gmt":"2022-06-07T07:34:52","guid":{"rendered":"https:\/\/up.lublin.pl\/srodowiskowa\/?p=150536"},"modified":"2022-06-08T10:36:43","modified_gmt":"2022-06-08T08:36:43","slug":"150536","status":"publish","type":"post","link":"https:\/\/up.lublin.pl\/srodowiskowa\/150536\/","title":{"rendered":"Rok Botaniki 2022 &#8211; Uwaga &#8211; pyl\u0105 trawy"},"content":{"rendered":"<p><img loading=\"lazy\" class=\"size-full wp-image-269210 aligncenter\" src=\"https:\/\/up.lublin.pl\/wp-content\/uploads\/2022\/05\/2022-Rok-Botaniki_1-1.png\" alt=\"\" width=\"257\" height=\"200\" \/><\/p>\n<h1><\/h1>\n<h1 style=\"text-align: center\">Cykl \u201eBotanika blisko nas\u201d<\/h1>\n<h1 style=\"text-align: center\">Uwaga &#8211; pyl\u0105 trawy<\/h1>\n<p>&nbsp;<\/p>\n<p>Rozpocz\u0105\u0142 si\u0119 sezon py\u0142kowy traw, kt\u00f3re s\u0105 najcz\u0119stsz\u0105 przyczyn\u0105 alergii py\u0142kowej w Polsce, a tak\u017ce w wi\u0119kszo\u015bci kraj\u00f3w Europy. W naszym kraju ponad 90% chorych na py\u0142kowic\u0119 cierpi w czasie kwitnienia tych ro\u015blin. To w\u0142a\u015bnie alergeny py\u0142ku traw najcz\u0119\u015bciej powoduj\u0105 okresowy alergiczny nie\u017cyt nosa i spoj\u00f3wek oraz astm\u0119 py\u0142kow\u0105.<\/p>\n<p>&nbsp;<\/p>\n<p><img loading=\"lazy\" class=\"aligncenter wp-image-274908\" src=\"https:\/\/up.lublin.pl\/wp-content\/uploads\/2022\/06\/stoklosa-prosta.jpg\" alt=\"\" width=\"500\" height=\"614\" \/>Stok\u0142osa bezostna (<em>Bromus inermis<\/em>)<\/p>\n<p>&nbsp;<\/p>\n<p><img loading=\"lazy\" class=\"aligncenter wp-image-274931\" src=\"https:\/\/up.lublin.pl\/wp-content\/uploads\/2022\/06\/zycica-trwala.jpg\" alt=\"\" width=\"500\" height=\"855\" \/>Perz w\u0142a\u015bciwy (<em>Elymus repens<\/em>)<\/p>\n<p>&nbsp;<\/p>\n<p>Dla r\u00f3\u017cnych region\u00f3w \u015bwiata lista gatunk\u00f3w traw alergennych mo\u017ce si\u0119 r\u00f3\u017cni\u0107 i jest uzale\u017cniona przede wszystkim od rozpowszechnienia na danym terenie. Stwierdzono jednak wysok\u0105 reaktywno\u015b\u0107 krzy\u017cow\u0105 pomi\u0119dzy alergenami r\u00f3\u017cnych gatunk\u00f3w traw.<\/p>\n<p>&nbsp;<\/p>\n<p><img loading=\"lazy\" class=\"aligncenter wp-image-274935\" src=\"https:\/\/up.lublin.pl\/wp-content\/uploads\/2022\/06\/kupkowka-pospolita.jpg\" alt=\"\" width=\"500\" height=\"770\" \/>Kupk\u00f3wka pospolita (<em>Dactylis glomerata<\/em>)<\/p>\n<p>&nbsp;<\/p>\n<p>Sezon py\u0142kowy traw jest stosunkowo d\u0142ugi i w warunkach Polski trwa oko\u0142o czterech miesi\u0119cy, co wynika z r\u00f3\u017cnych termin\u00f3w kwitnienia licznych gatunk\u00f3w nale\u017c\u0105cych do tej rodziny. Najwy\u017csze st\u0119\u017cenia py\u0142ku traw w powietrzu notowane s\u0105 w czerwcu i pierwszej po\u0142owie lipca. Szczeg\u00f3lnie du\u017ce zagro\u017cenie dla alergik\u00f3w stanowi py\u0142ek \u017cyta, kt\u00f3ry pojawia si\u0119 w powietrzu zwykle na prze\u0142omie maja i czerwca.<\/p>\n<p>&nbsp;<\/p>\n<p><img loading=\"lazy\" class=\"aligncenter wp-image-274912\" src=\"https:\/\/up.lublin.pl\/wp-content\/uploads\/2022\/06\/lan-zyta.jpg\" alt=\"\" width=\"500\" height=\"375\" \/>W pobli\u017cu \u0142anu \u017cyta obecne s\u0105 w powietrzu ogromne ilo\u015bci ziaren py\u0142ku tych ro\u015blin.<\/p>\n<p>&nbsp;<\/p>\n<p><img loading=\"lazy\" class=\"aligncenter wp-image-274927\" src=\"https:\/\/up.lublin.pl\/wp-content\/uploads\/2022\/06\/klosek-zyta.jpg\" alt=\"\" width=\"500\" height=\"330\" \/>K\u0142osek \u017cyta zwyczajnego<em> (Secale cereale<\/em>) w trakcie pylenia. Jeden pr\u0119cik produkuje ponad 22 000 ziaren py\u0142ku.<\/p>\n<p style=\"text-align: right\"><em><br \/>\n<\/em>Dr hab. <strong>Krystyna Piotrowska-Weryszko<\/strong>, prof. uczelni<br \/>\nKatedra Botaniki i Fizjologii Ro\u015blin<br \/>\nWydzia\u0142 Biologii \u015arodowiskowej<\/p>\n<p><em>[ Cykl \u201eBotanika blisko nas\u201d ma na celu przybli\u017cenie fascynuj\u0105cego \u015bwiata ro\u015blin. Tw\u00f3rcami cyku s\u0105 pracownicy\u00a0<a href=\"https:\/\/up.lublin.pl\/srodowiskowa\/\">Wydzia\u0142u Biologii \u015arodowiskowej<\/a>, w\u00a0ramach Roku Botaniki 2022. ]<\/em><\/p>\n","protected":false},"excerpt":{"rendered":"<p>Cykl \u201eBotanika blisko nas\u201d Uwaga &#8211; pyl\u0105 trawy &nbsp; Rozpocz\u0105\u0142 si\u0119 sezon py\u0142kowy traw, kt\u00f3re s\u0105 najcz\u0119stsz\u0105 przyczyn\u0105 alergii py\u0142kowej w Polsce, a tak\u017ce w wi\u0119kszo\u015bci kraj\u00f3w Europy. W naszym kraju ponad 90% chorych na py\u0142kowic\u0119 cierpi w czasie kwitnienia tych ro\u015blin. To w\u0142a\u015bnie alergeny py\u0142ku traw najcz\u0119\u015bciej powoduj\u0105 okresowy alergiczny nie\u017cyt nosa i spoj\u00f3wek [&hellip;]<\/p>\n","protected":false},"author":5,"featured_media":150570,"comment_status":"closed","ping_status":"open","sticky":false,"template":"","format":"standard","meta":{"_monsterinsights_skip_tracking":false,"_monsterinsights_sitenote_active":false,"_monsterinsights_sitenote_note":"","_monsterinsights_sitenote_category":0},"categories":[24],"tags":[],"_links":{"self":[{"href":"https:\/\/up.lublin.pl\/srodowiskowa\/wp-json\/wp\/v2\/posts\/150536"}],"collection":[{"href":"https:\/\/up.lublin.pl\/srodowiskowa\/wp-json\/wp\/v2\/posts"}],"about":[{"href":"https:\/\/up.lublin.pl\/srodowiskowa\/wp-json\/wp\/v2\/types\/post"}],"author":[{"embeddable":true,"href":"https:\/\/up.lublin.pl\/srodowiskowa\/wp-json\/wp\/v2\/users\/5"}],"replies":[{"embeddable":true,"href":"https:\/\/up.lublin.pl\/srodowiskowa\/wp-json\/wp\/v2\/comments?post=150536"}],"version-history":[{"count":11,"href":"https:\/\/up.lublin.pl\/srodowiskowa\/wp-json\/wp\/v2\/posts\/150536\/revisions"}],"predecessor-version":[{"id":150561,"href":"https:\/\/up.lublin.pl\/srodowiskowa\/wp-json\/wp\/v2\/posts\/150536\/revisions\/150561"}],"wp:featuredmedia":[{"embeddable":true,"href":"https:\/\/up.lublin.pl\/srodowiskowa\/wp-json\/wp\/v2\/media\/150570"}],"wp:attachment":[{"href":"https:\/\/up.lublin.pl\/srodowiskowa\/wp-json\/wp\/v2\/media?parent=150536"}],"wp:term":[{"taxonomy":"category","embeddable":true,"href":"https:\/\/up.lublin.pl\/srodowiskowa\/wp-json\/wp\/v2\/categories?post=150536"},{"taxonomy":"post_tag","embeddable":true,"href":"https:\/\/up.lublin.pl\/srodowiskowa\/wp-json\/wp\/v2\/tags?post=150536"}],"curies":[{"name":"wp","href":"https:\/\/api.w.org\/{rel}","templated":true}]}}