{"id":150451,"date":"2022-06-03T08:57:35","date_gmt":"2022-06-03T06:57:35","guid":{"rendered":"https:\/\/up.lublin.pl\/srodowiskowa\/?p=150451"},"modified":"2022-06-06T16:11:49","modified_gmt":"2022-06-06T14:11:49","slug":"wzmacnianie-populacji-troci-w-rzekach-roztocza","status":"publish","type":"post","link":"https:\/\/up.lublin.pl\/srodowiskowa\/wzmacnianie-populacji-troci-w-rzekach-roztocza\/","title":{"rendered":"Wzmacnianie populacji troci w rzekach Roztocza"},"content":{"rendered":"<p>Z przyjemno\u015bci\u0105 informujemy, \u017ce Pan dr hab. Jacek Rechulicz, pracownik Katedry Hydrobiologii i Ochrony Ekosystem\u00f3w Wydzia\u0142u Biologii \u015arodowiskowej uczestniczy w odbudowie populacji troci (<em>Salmo trutta<\/em> m. <em>trutta<\/em>). Jest On odpowiedzialny za odbi\u00f3r materia\u0142u zarybieniowego i zarybienie tym gatunkiem rzeki Tanew. Tro\u0107 jest w\u0119drown\u0105 ryb\u0105 \u0142ososiowat\u0105. Dawniej wyst\u0119powa\u0142a w wielu polskich rzekach, ale pogarszaj\u0105ce si\u0119 warunki \u015brodowiska, wzrost poziomu zanieczyszcze\u0144, czy te\u017c przegradzanie ciek\u00f3w zaporami doprowadzi\u0142y do zniszczenia wielu cennych tarlisk i w konsekwencji do znacznego zmniejszenia liczebno\u015bci tego gatunku. Zarybienie troci\u0105 wykonywane jest w ramach wsp\u00f3\u0142pracy z Instytutem Rybactwa \u015ar\u00f3dl\u0105dowego w Olsztynie w ramach zadania &#8220;Zarybianie polskich obszar\u00f3w morskich w 2022 r&#8221;. Miejscem odbioru materia\u0142u zarybieniowego by\u0142 O\u015brodek Hodowli Ryb \u0141ososiowatych w Bondyrzu, a ryby do rzeki Tanew wypuszczono na odcinku rzeki w okolicy miejscowo\u015bci Olchowiec i Borowiec. Przy zarybieniu obecni byli pracownicy Zarz\u0105du Okr\u0119gu Polskiego Zwi\u0105zku W\u0119dkarskiego oraz w\u0119dkarze, kt\u00f3rzy bardzo aktywnie w\u0142\u0105czyli si\u0119 w pomoc przy wypuszczaniu ryb. To kolejna ju\u017c \u201ecegie\u0142ka\u201d pracownik\u00f3w Wydzia\u0142u w ochron\u0119 r\u00f3\u017cnorodno\u015bci biologicznej.<\/p>\n<p style=\"text-align: center\"><img loading=\"lazy\" class=\"alignnone wp-image-150452\" src=\"https:\/\/up.lublin.pl\/srodowiskowa\/wp-content\/uploads\/sites\/5\/2022\/06\/Fot.-13.jpg\" alt=\"\" width=\"780\" height=\"360\" \/><\/p>\n<p style=\"text-align: center\"><img loading=\"lazy\" class=\"alignnone wp-image-150456\" src=\"https:\/\/up.lublin.pl\/srodowiskowa\/wp-content\/uploads\/sites\/5\/2022\/06\/Fot.-23.jpg\" alt=\"\" width=\"780\" height=\"360\" \/><\/p>\n<p style=\"text-align: center\"><img loading=\"lazy\" class=\"alignnone wp-image-150460\" src=\"https:\/\/up.lublin.pl\/srodowiskowa\/wp-content\/uploads\/sites\/5\/2022\/06\/Fot.-33.jpg\" alt=\"\" width=\"780\" height=\"360\" \/><\/p>\n<p><img loading=\"lazy\" class=\"aligncenter wp-image-150464\" src=\"https:\/\/up.lublin.pl\/srodowiskowa\/wp-content\/uploads\/sites\/5\/2022\/06\/Fot.-43.jpg\" alt=\"\" width=\"780\" height=\"360\" \/><\/p>\n","protected":false},"excerpt":{"rendered":"<p>Z przyjemno\u015bci\u0105 informujemy, \u017ce Pan dr hab. Jacek Rechulicz, pracownik Katedry Hydrobiologii i Ochrony Ekosystem\u00f3w Wydzia\u0142u Biologii \u015arodowiskowej uczestniczy w odbudowie populacji troci (Salmo trutta m. trutta). Jest On odpowiedzialny za odbi\u00f3r materia\u0142u zarybieniowego i zarybienie tym gatunkiem rzeki Tanew. Tro\u0107 jest w\u0119drown\u0105 ryb\u0105 \u0142ososiowat\u0105. Dawniej wyst\u0119powa\u0142a w wielu polskich rzekach, ale pogarszaj\u0105ce si\u0119 warunki [&hellip;]<\/p>\n","protected":false},"author":201,"featured_media":150487,"comment_status":"closed","ping_status":"open","sticky":false,"template":"","format":"standard","meta":{"_monsterinsights_skip_tracking":false,"_monsterinsights_sitenote_active":false,"_monsterinsights_sitenote_note":"","_monsterinsights_sitenote_category":0},"categories":[24],"tags":[],"_links":{"self":[{"href":"https:\/\/up.lublin.pl\/srodowiskowa\/wp-json\/wp\/v2\/posts\/150451"}],"collection":[{"href":"https:\/\/up.lublin.pl\/srodowiskowa\/wp-json\/wp\/v2\/posts"}],"about":[{"href":"https:\/\/up.lublin.pl\/srodowiskowa\/wp-json\/wp\/v2\/types\/post"}],"author":[{"embeddable":true,"href":"https:\/\/up.lublin.pl\/srodowiskowa\/wp-json\/wp\/v2\/users\/201"}],"replies":[{"embeddable":true,"href":"https:\/\/up.lublin.pl\/srodowiskowa\/wp-json\/wp\/v2\/comments?post=150451"}],"version-history":[{"count":1,"href":"https:\/\/up.lublin.pl\/srodowiskowa\/wp-json\/wp\/v2\/posts\/150451\/revisions"}],"predecessor-version":[{"id":150468,"href":"https:\/\/up.lublin.pl\/srodowiskowa\/wp-json\/wp\/v2\/posts\/150451\/revisions\/150468"}],"wp:featuredmedia":[{"embeddable":true,"href":"https:\/\/up.lublin.pl\/srodowiskowa\/wp-json\/wp\/v2\/media\/150487"}],"wp:attachment":[{"href":"https:\/\/up.lublin.pl\/srodowiskowa\/wp-json\/wp\/v2\/media?parent=150451"}],"wp:term":[{"taxonomy":"category","embeddable":true,"href":"https:\/\/up.lublin.pl\/srodowiskowa\/wp-json\/wp\/v2\/categories?post=150451"},{"taxonomy":"post_tag","embeddable":true,"href":"https:\/\/up.lublin.pl\/srodowiskowa\/wp-json\/wp\/v2\/tags?post=150451"}],"curies":[{"name":"wp","href":"https:\/\/api.w.org\/{rel}","templated":true}]}}