{"id":150339,"date":"2022-05-27T09:56:41","date_gmt":"2022-05-27T07:56:41","guid":{"rendered":"https:\/\/up.lublin.pl\/srodowiskowa\/?p=150339"},"modified":"2022-05-28T18:19:04","modified_gmt":"2022-05-28T16:19:04","slug":"uczestnicy-programu-erasmus-w-katedrze-hydrobiologii-i-ochrony-ekosystemow","status":"publish","type":"post","link":"https:\/\/up.lublin.pl\/srodowiskowa\/uczestnicy-programu-erasmus-w-katedrze-hydrobiologii-i-ochrony-ekosystemow\/","title":{"rendered":"Uczestnicy programu Erasmus + w Katedrze Hydrobiologii i Ochrony Ekosystem\u00f3w"},"content":{"rendered":"\t\t<div data-elementor-type=\"wp-post\" data-elementor-id=\"150339\" class=\"elementor elementor-150339\" data-elementor-settings=\"[]\">\n\t\t\t\t\t\t<div class=\"elementor-inner\">\n\t\t\t\t\t\t\t<div class=\"elementor-section-wrap\">\n\t\t\t\t\t\t\t<section class=\"elementor-section elementor-top-section elementor-element elementor-element-2d0cda9 elementor-section-boxed elementor-section-height-default elementor-section-height-default\" data-id=\"2d0cda9\" data-element_type=\"section\">\n\t\t\t\t\t\t<div class=\"elementor-container elementor-column-gap-default\">\n\t\t\t\t\t\t\t<div class=\"elementor-row\">\n\t\t\t\t\t<div class=\"elementor-column elementor-col-100 elementor-top-column elementor-element elementor-element-aa9cac4\" data-id=\"aa9cac4\" data-element_type=\"column\">\n\t\t\t<div class=\"elementor-column-wrap elementor-element-populated\">\n\t\t\t\t\t\t\t<div class=\"elementor-widget-wrap\">\n\t\t\t\t\t\t<div class=\"elementor-element elementor-element-e0217a7 elementor-widget elementor-widget-m5c\" data-id=\"e0217a7\" data-element_type=\"widget\" data-widget_type=\"m5c.default\">\n\t\t\t\t<div class=\"elementor-widget-container\">\n\t\t\t<section class=\"mn-m5-c mn-m5-d2 mn-bg-white\">\n\t<div class=\"mn-grid\">\n\t\t\t\t<div class=\"mn-content mn-grid-9\">\n\t\t\t                <div class=\"mn-content-block active\">\n\t                                                        <div class=\"block-text\">\n\t                                        <p><strong>Uczestnicy programu Staff Mobility for Teaching w&nbsp;Katedrze Hydrobiologii i&nbsp;Ochrony Ekosystem\u00f3w<\/strong><\/p>\n<p><img loading=\"lazy\" class=\"size-full wp-image-272171\" src=\"https:\/\/up.lublin.pl\/wp-content\/uploads\/2022\/05\/Fot.-1-1.jpg\" alt=\"\" width=\"1500\" height=\"1125\" \/><\/p>\n<p>W ramach programu Erasmus+ &#8211; Staff Mobility for Teaching, w&nbsp;dniach 9-13 maja 2022 roku w&nbsp;Katedrze Hydrobiologii i&nbsp;Ochrony Ekosystem\u00f3w Wydzia\u0142u Biologii \u015arodowiskowej go\u015bcili\u015bmy prof. <strong>Bell\u0119 Japoshvili<\/strong> z&nbsp;Katedry Hydrobiologii i&nbsp;Ichtiologii Uniwersytetu w&nbsp;Tbilisi w&nbsp;Gruzji (Ilia State University). <br \/><img loading=\"lazy\" class=\"alignnone size-full wp-image-272175\" src=\"https:\/\/up.lublin.pl\/wp-content\/uploads\/2022\/05\/Fot.-2-1.jpg\" alt=\"\" width=\"1500\" height=\"1125\" \/><br \/>Pani Profesor przeprowadzi\u0142a cykl wyk\u0142ad\u00f3w z&nbsp;zakresu ekologii, hydrobiologii i&nbsp;biologii gatunk\u00f3w inwazyjnych dla student\u00f3w kierunk\u00f3w: ochrona \u015brodowiska oraz biobezpiecze\u0144stwo i&nbsp;zarz\u0105dzanie kryzysowe, jak r\u00f3wnie\u017c wyg\u0142osi\u0142a referat pt: \u201cFreshwater biodiversity in Georgia\u201d na zebraniu Lubelskiego Oddzia\u0142u Polskiego Towarzystwa Hydrobiologicznego.<\/p>\n<p><img loading=\"lazy\" class=\"size-full wp-image-272179\" src=\"https:\/\/up.lublin.pl\/wp-content\/uploads\/2022\/05\/Fot.-3-1.jpg\" alt=\"\" width=\"1500\" height=\"1275\" \/><\/p>\n<p><img loading=\"lazy\" class=\"alignnone size-medium wp-image-272183\" src=\"https:\/\/up.lublin.pl\/wp-content\/uploads\/2022\/05\/Fot.-4-1.jpg\" alt=\"\" width=\"1280\" height=\"1144\" \/>Rozwijaj\u0105ca si\u0119 wsp\u00f3\u0142praca w&nbsp;zakresie dydaktyki ma szans\u0119 zaowocowa\u0107 wsp\u00f3lnymi przedsi\u0119wzi\u0119ciami\u00a0 o&nbsp;charakterze naukowym ze wzgl\u0119du na zbli\u017cony profil badawczy obu jednostek. W&nbsp;najbli\u017cszym czasie ju\u017c zaplanowane s\u0105 wsp\u00f3lne, pionierskie badania jezior wysokog\u00f3rskich Gruzji.<\/p>\n<p><img loading=\"lazy\" class=\"alignnone size-full wp-image-272187\" src=\"https:\/\/up.lublin.pl\/wp-content\/uploads\/2022\/05\/Fot.-5-1.jpg\" alt=\"\" width=\"1500\" height=\"1125\" \/><\/p>\n                                        <\/div>\n\t\t\t\t\t\t                                <\/div>\n\t\t\t\t                <div class=\"mn-content-block\">\n\t                                <\/div>\n\t\t\t\t                <div class=\"mn-content-block\">\n\t                                <\/div>\n\t\t\t\t                <div class=\"mn-content-block\">\n\t                                <\/div>\n\t\t\t\t                <div class=\"mn-content-block\">\n\t                                <\/div>\n\t\t\t\t                <div class=\"mn-content-block\">\n\t                                <\/div>\n\t\t\t\t                <div class=\"mn-content-block\">\n\t                                <\/div>\n\t\t\t\t                <div class=\"mn-content-block\">\n\t                                <\/div>\n\t\t\t\t                <div class=\"mn-content-block\">\n\t                                <\/div>\n\t\t\t\t                <div class=\"mn-content-block\">\n\t                                <\/div>\n\t\t\t\t                <div class=\"mn-content-block\">\n\t                                <\/div>\n\t\t\t\t                <div class=\"mn-content-block\">\n\t                                <\/div>\n\t\t\t\t                <div class=\"mn-content-block\">\n\t                                <\/div>\n\t\t\t\t                <div class=\"mn-content-block\">\n\t                                <\/div>\n\t\t\t\t                <div class=\"mn-content-block\">\n\t                                <\/div>\n\t\t\t\t                <div class=\"mn-content-block\">\n\t                                <\/div>\n\t\t\t\t                <div class=\"mn-content-block\">\n\t                                <\/div>\n\t\t\t\t                <div class=\"mn-content-block\">\n\t                                <\/div>\n\t\t\t\t                <div class=\"mn-content-block\">\n\t                                <\/div>\n\t\t\t\t                <div class=\"mn-content-block\">\n\t                                <\/div>\n\t\t\t\t\t\t<\/div>\n\t<\/div>\n<\/section>\n\t\t<\/div>\n\t\t\t\t<\/div>\n\t\t\t\t\t\t<\/div>\n\t\t\t\t\t<\/div>\n\t\t<\/div>\n\t\t\t\t\t\t\t\t<\/div>\n\t\t\t\t\t<\/div>\n\t\t<\/section>\n\t\t\t\t\t\t<\/div>\n\t\t\t\t\t\t<\/div>\n\t\t\t\t\t<\/div>\n\t\t","protected":false},"excerpt":{"rendered":"<p>Uczestnicy programu Staff Mobility for Teaching w\u00a0Katedrze Hydrobiologii i\u00a0Ochrony Ekosystem\u00f3w W ramach programu Erasmus+ &#8211; Staff Mobility for Teaching, w\u00a0dniach 9-13 maja 2022 roku w\u00a0Katedrze Hydrobiologii i\u00a0Ochrony Ekosystem\u00f3w Wydzia\u0142u Biologii \u015arodowiskowej go\u015bcili\u015bmy prof. Bell\u0119 Japoshvili z\u00a0Katedry Hydrobiologii i\u00a0Ichtiologii Uniwersytetu w\u00a0Tbilisi w\u00a0Gruzji (Ilia State University). Pani Profesor przeprowadzi\u0142a cykl wyk\u0142ad\u00f3w z\u00a0zakresu ekologii, hydrobiologii i\u00a0biologii gatunk\u00f3w inwazyjnych [&hellip;]<\/p>\n","protected":false},"author":2,"featured_media":150349,"comment_status":"closed","ping_status":"open","sticky":false,"template":"elementor_header_footer","format":"standard","meta":{"_monsterinsights_skip_tracking":false,"_monsterinsights_sitenote_active":false,"_monsterinsights_sitenote_note":"","_monsterinsights_sitenote_category":0},"categories":[24],"tags":[],"_links":{"self":[{"href":"https:\/\/up.lublin.pl\/srodowiskowa\/wp-json\/wp\/v2\/posts\/150339"}],"collection":[{"href":"https:\/\/up.lublin.pl\/srodowiskowa\/wp-json\/wp\/v2\/posts"}],"about":[{"href":"https:\/\/up.lublin.pl\/srodowiskowa\/wp-json\/wp\/v2\/types\/post"}],"author":[{"embeddable":true,"href":"https:\/\/up.lublin.pl\/srodowiskowa\/wp-json\/wp\/v2\/users\/2"}],"replies":[{"embeddable":true,"href":"https:\/\/up.lublin.pl\/srodowiskowa\/wp-json\/wp\/v2\/comments?post=150339"}],"version-history":[{"count":5,"href":"https:\/\/up.lublin.pl\/srodowiskowa\/wp-json\/wp\/v2\/posts\/150339\/revisions"}],"predecessor-version":[{"id":150353,"href":"https:\/\/up.lublin.pl\/srodowiskowa\/wp-json\/wp\/v2\/posts\/150339\/revisions\/150353"}],"wp:featuredmedia":[{"embeddable":true,"href":"https:\/\/up.lublin.pl\/srodowiskowa\/wp-json\/wp\/v2\/media\/150349"}],"wp:attachment":[{"href":"https:\/\/up.lublin.pl\/srodowiskowa\/wp-json\/wp\/v2\/media?parent=150339"}],"wp:term":[{"taxonomy":"category","embeddable":true,"href":"https:\/\/up.lublin.pl\/srodowiskowa\/wp-json\/wp\/v2\/categories?post=150339"},{"taxonomy":"post_tag","embeddable":true,"href":"https:\/\/up.lublin.pl\/srodowiskowa\/wp-json\/wp\/v2\/tags?post=150339"}],"curies":[{"name":"wp","href":"https:\/\/api.w.org\/{rel}","templated":true}]}}